{"id":27733,"date":"2022-12-14T00:48:41","date_gmt":"2022-12-14T00:48:41","guid":{"rendered":"https:\/\/blogdorogeriogomes.com.br\/?p=27733"},"modified":"2022-12-14T12:20:02","modified_gmt":"2022-12-14T12:20:02","slug":"camilo-santana-e-convidado-para-ser-ministro-da-educacao-mas-quer-indicar-izolda-cela-para-o-cargo","status":"publish","type":"post","link":"https:\/\/blogdorogeriogomes.com.br\/noticias\/2022\/12\/camilo-santana-e-convidado-para-ser-ministro-da-educacao-mas-quer-indicar-izolda-cela-para-o-cargo\/","title":{"rendered":"Camilo Santana \u00e9 convidado para ser ministro da Educa\u00e7\u00e3o, mas quer indicar Izolda Cela para o cargo"},"content":{"rendered":"\n<p>As conversa\u00e7\u00f5es em torno da montagem do Minist\u00e9rio do futuro Governo Lula continuam. O senador eleito Camilo Santana (PT) teve encontro com Lula (PT), em Bras\u00edlia. Foi convidado para ser o novo ministro da Educa\u00e7\u00e3o, mas quer indicar a atual governadora Izolda Cela para o cargo. Izolda tem um trabalho reconhecido nacionalmente como secret\u00e1ria estadual de Educa\u00e7\u00e3o no Cear\u00e1. Para Camilo, a melhor op\u00e7\u00e3o para ele seria outra pasta como Desenvolvimento Regional ou Cidades.<br>Enquanto isso, outros nomes do primeiro escal\u00e3o v\u00e3o sendo definidos. A cantora Margareth Menezes ser\u00e1 a nova ministra da Cultura. O coordenador da equipe de transi\u00e7\u00e3o Alo\u00edsio Mercadante ser\u00e1 o presidente do BNDES (Banco Nacional de Desenvolvimento Econ\u00f4mico e Social).<br>Na economia, o futuro ministro Fernando Haddad anunciou o economista Gabriel Gal\u00edpolo como secret\u00e1rio-executivo do Minist\u00e9rio da Fazenda e Bernard Appy como secret\u00e1rio de Pol\u00edtica Econ\u00f4mica para reforma tribut\u00e1ria.<\/p>\n\n\n\n<figure class=\"wp-block-image size-full\"><img loading=\"lazy\" decoding=\"async\" width=\"680\" height=\"451\" src=\"https:\/\/blogdorogeriogomes.com.br\/wp-content\/uploads\/2022\/12\/IMG-20221213-WA0003.jpg\" alt=\"\" class=\"wp-image-27734\" srcset=\"https:\/\/blogdorogeriogomes.com.br\/noticias\/wp-content\/uploads\/2022\/12\/IMG-20221213-WA0003.jpg 680w, https:\/\/blogdorogeriogomes.com.br\/noticias\/wp-content\/uploads\/2022\/12\/IMG-20221213-WA0003-300x199.jpg 300w\" sizes=\"auto, (max-width: 680px) 100vw, 680px\" \/><\/figure>\n","protected":false},"excerpt":{"rendered":"<p>As conversa\u00e7\u00f5es em torno da montagem do Minist\u00e9rio do futuro Governo Lula continuam. O senador eleito Camilo Santana (PT) teve encontro com Lula (PT), em Bras\u00edlia. Foi convidado para ser o novo ministro da Educa\u00e7\u00e3o, mas quer indicar a atual governadora Izolda Cela para o cargo. Izolda tem um trabalho reconhecido nacionalmente como secret\u00e1ria estadual de Educa\u00e7\u00e3o no Cear\u00e1. Para Camilo, a melhor op\u00e7\u00e3o para ele seria outra pasta como Desenvolvimento Regional ou Cidades.Enquanto isso, outros nomes do primeiro&hellip;<\/p>\n","protected":false},"author":1,"featured_media":27734,"comment_status":"open","ping_status":"open","sticky":false,"template":"","format":"standard","meta":{"footnotes":""},"categories":[1],"tags":[],"class_list":["post-27733","post","type-post","status-publish","format-standard","has-post-thumbnail","hentry","category-noticias"],"_links":{"self":[{"href":"https:\/\/blogdorogeriogomes.com.br\/noticias\/wp-json\/wp\/v2\/posts\/27733","targetHints":{"allow":["GET"]}}],"collection":[{"href":"https:\/\/blogdorogeriogomes.com.br\/noticias\/wp-json\/wp\/v2\/posts"}],"about":[{"href":"https:\/\/blogdorogeriogomes.com.br\/noticias\/wp-json\/wp\/v2\/types\/post"}],"author":[{"embeddable":true,"href":"https:\/\/blogdorogeriogomes.com.br\/noticias\/wp-json\/wp\/v2\/users\/1"}],"replies":[{"embeddable":true,"href":"https:\/\/blogdorogeriogomes.com.br\/noticias\/wp-json\/wp\/v2\/comments?post=27733"}],"version-history":[{"count":1,"href":"https:\/\/blogdorogeriogomes.com.br\/noticias\/wp-json\/wp\/v2\/posts\/27733\/revisions"}],"predecessor-version":[{"id":27735,"href":"https:\/\/blogdorogeriogomes.com.br\/noticias\/wp-json\/wp\/v2\/posts\/27733\/revisions\/27735"}],"wp:featuredmedia":[{"embeddable":true,"href":"https:\/\/blogdorogeriogomes.com.br\/noticias\/wp-json\/wp\/v2\/media\/27734"}],"wp:attachment":[{"href":"https:\/\/blogdorogeriogomes.com.br\/noticias\/wp-json\/wp\/v2\/media?parent=27733"}],"wp:term":[{"taxonomy":"category","embeddable":true,"href":"https:\/\/blogdorogeriogomes.com.br\/noticias\/wp-json\/wp\/v2\/categories?post=27733"},{"taxonomy":"post_tag","embeddable":true,"href":"https:\/\/blogdorogeriogomes.com.br\/noticias\/wp-json\/wp\/v2\/tags?post=27733"}],"curies":[{"name":"wp","href":"https:\/\/api.w.org\/{rel}","templated":true}]}}