{"id":27736,"date":"2022-12-14T11:40:10","date_gmt":"2022-12-14T11:40:10","guid":{"rendered":"https:\/\/blogdorogeriogomes.com.br\/?p=27736"},"modified":"2022-12-14T12:19:53","modified_gmt":"2022-12-14T12:19:53","slug":"prefeitura-de-fortaleza-divulga-convocacao-de-927-professores-aprovados-em-concurso-publico","status":"publish","type":"post","link":"https:\/\/blogdorogeriogomes.com.br\/noticias\/2022\/12\/prefeitura-de-fortaleza-divulga-convocacao-de-927-professores-aprovados-em-concurso-publico\/","title":{"rendered":"Prefeitura de Fortaleza divulga convoca\u00e7\u00e3o de 927 professores aprovados em concurso p\u00fablico"},"content":{"rendered":"\n<p>A Prefeitura de Fortaleza divulgou, por meio da Secretaria Municipal da Educa\u00e7\u00e3o (SME), nesta ter\u00e7a-feira, dia 13 de dezembro, a convoca\u00e7\u00e3o dos aprovados no concurso p\u00fablico para professor de \u00e1rea espec\u00edfica (Artes, Ci\u00eancia, Educa\u00e7\u00e3o F\u00edsica, Ensino Religioso, Geografia, Hist\u00f3ria, L\u00edngua Inglesa, L\u00edngua Portuguesa\/Literatura, Matem\u00e1tica) da Rede Municipal de Ensino. Os 927 docentes ser\u00e3o empossados no pr\u00f3ximo dia 25 de janeiro e iniciam a atua\u00e7\u00e3o da Rede Municipal no dia seguinte.<br>O concurso p\u00fablico municipal ofertou 2.000 vagas para professores de \u00e1reas espec\u00edficas e para profissionais pedagogos. O vencimento inicial do profissional do magist\u00e9rio ser\u00e1 de R$ 4.384,82 mais 20% de reg\u00eancia de classe sobre o vencimento base e aux\u00edlio dedica\u00e7\u00e3o integral.<\/p>\n\n\n\n<figure class=\"wp-block-image size-large\"><img loading=\"lazy\" decoding=\"async\" width=\"1024\" height=\"602\" src=\"https:\/\/blogdorogeriogomes.com.br\/wp-content\/uploads\/2022\/12\/IMG-20221214-WA0002-1024x602.jpg\" alt=\"\" class=\"wp-image-27737\" srcset=\"https:\/\/blogdorogeriogomes.com.br\/noticias\/wp-content\/uploads\/2022\/12\/IMG-20221214-WA0002-1024x602.jpg 1024w, https:\/\/blogdorogeriogomes.com.br\/noticias\/wp-content\/uploads\/2022\/12\/IMG-20221214-WA0002-300x176.jpg 300w, https:\/\/blogdorogeriogomes.com.br\/noticias\/wp-content\/uploads\/2022\/12\/IMG-20221214-WA0002-768x451.jpg 768w, https:\/\/blogdorogeriogomes.com.br\/noticias\/wp-content\/uploads\/2022\/12\/IMG-20221214-WA0002-800x470.jpg 800w, https:\/\/blogdorogeriogomes.com.br\/noticias\/wp-content\/uploads\/2022\/12\/IMG-20221214-WA0002.jpg 1280w\" sizes=\"auto, (max-width: 1024px) 100vw, 1024px\" \/><\/figure>\n","protected":false},"excerpt":{"rendered":"<p>A Prefeitura de Fortaleza divulgou, por meio da Secretaria Municipal da Educa\u00e7\u00e3o (SME), nesta ter\u00e7a-feira, dia 13 de dezembro, a convoca\u00e7\u00e3o dos aprovados no concurso p\u00fablico para professor de \u00e1rea espec\u00edfica (Artes, Ci\u00eancia, Educa\u00e7\u00e3o F\u00edsica, Ensino Religioso, Geografia, Hist\u00f3ria, L\u00edngua Inglesa, L\u00edngua Portuguesa\/Literatura, Matem\u00e1tica) da Rede Municipal de Ensino. Os 927 docentes ser\u00e3o empossados no pr\u00f3ximo dia 25 de janeiro e iniciam a atua\u00e7\u00e3o da Rede Municipal no dia seguinte.O concurso p\u00fablico municipal ofertou 2.000 vagas para professores de&hellip;<\/p>\n","protected":false},"author":1,"featured_media":27737,"comment_status":"open","ping_status":"open","sticky":false,"template":"","format":"standard","meta":{"footnotes":""},"categories":[1],"tags":[],"class_list":["post-27736","post","type-post","status-publish","format-standard","has-post-thumbnail","hentry","category-noticias"],"_links":{"self":[{"href":"https:\/\/blogdorogeriogomes.com.br\/noticias\/wp-json\/wp\/v2\/posts\/27736","targetHints":{"allow":["GET"]}}],"collection":[{"href":"https:\/\/blogdorogeriogomes.com.br\/noticias\/wp-json\/wp\/v2\/posts"}],"about":[{"href":"https:\/\/blogdorogeriogomes.com.br\/noticias\/wp-json\/wp\/v2\/types\/post"}],"author":[{"embeddable":true,"href":"https:\/\/blogdorogeriogomes.com.br\/noticias\/wp-json\/wp\/v2\/users\/1"}],"replies":[{"embeddable":true,"href":"https:\/\/blogdorogeriogomes.com.br\/noticias\/wp-json\/wp\/v2\/comments?post=27736"}],"version-history":[{"count":1,"href":"https:\/\/blogdorogeriogomes.com.br\/noticias\/wp-json\/wp\/v2\/posts\/27736\/revisions"}],"predecessor-version":[{"id":27738,"href":"https:\/\/blogdorogeriogomes.com.br\/noticias\/wp-json\/wp\/v2\/posts\/27736\/revisions\/27738"}],"wp:featuredmedia":[{"embeddable":true,"href":"https:\/\/blogdorogeriogomes.com.br\/noticias\/wp-json\/wp\/v2\/media\/27737"}],"wp:attachment":[{"href":"https:\/\/blogdorogeriogomes.com.br\/noticias\/wp-json\/wp\/v2\/media?parent=27736"}],"wp:term":[{"taxonomy":"category","embeddable":true,"href":"https:\/\/blogdorogeriogomes.com.br\/noticias\/wp-json\/wp\/v2\/categories?post=27736"},{"taxonomy":"post_tag","embeddable":true,"href":"https:\/\/blogdorogeriogomes.com.br\/noticias\/wp-json\/wp\/v2\/tags?post=27736"}],"curies":[{"name":"wp","href":"https:\/\/api.w.org\/{rel}","templated":true}]}}