{"id":27739,"date":"2022-12-14T11:44:06","date_gmt":"2022-12-14T11:44:06","guid":{"rendered":"https:\/\/blogdorogeriogomes.com.br\/?p=27739"},"modified":"2022-12-14T12:19:45","modified_gmt":"2022-12-14T12:19:45","slug":"governadores-do-nordeste-discutem-com-ministra-rosa-weber-sobre-diferenca-de-aliquotas-do-icms-nos-estados","status":"publish","type":"post","link":"https:\/\/blogdorogeriogomes.com.br\/noticias\/2022\/12\/governadores-do-nordeste-discutem-com-ministra-rosa-weber-sobre-diferenca-de-aliquotas-do-icms-nos-estados\/","title":{"rendered":"Governadores do Nordeste discutem com ministra Rosa Weber sobre diferen\u00e7a de al\u00edquotas do ICMS nos estados"},"content":{"rendered":"\n<p>O governador eleito Elmano de Freitas (PT) participou de reuni\u00e3o, em Bras\u00edlia, junto da governadora do Cear\u00e1, Izolda Cela, do f\u00f3rum de governadores e de outros governadores eleitos de uma reuni\u00e3o com a presidente do Supremo Tribunal Federal (STF), ministra Rosa Weber. No encontro foram debatidas a\u00e7\u00f5es que discutem a diferen\u00e7a de al\u00edquotas de ICMS nos Estados, especialmente no com\u00e9rcio eletr\u00f4nico. No Governo Bolsonaro, os estados perderam bastante recursos na arrecada\u00e7\u00e3o do ICMS relacionado aos combust\u00edveis e os governos buscam compensa\u00e7\u00e3o federal com as perdas financeiras.<br>Na reuni\u00e3o, a ministra Rosa Weber tamb\u00e9m sinalizou \u00e0 governadora Izolda Cela que dever\u00e1 liberar os recursos para pagamento dos precat\u00f3rios do Fundef em breve. O Estado do Cear\u00e1 aguarda a libera\u00e7\u00e3o da Corte para iniciar o pagamento de R$ 709 milh\u00f5es aos professores&nbsp;do Estado.<\/p>\n\n\n\n<figure class=\"wp-block-image size-large\"><img loading=\"lazy\" decoding=\"async\" width=\"1024\" height=\"682\" src=\"https:\/\/blogdorogeriogomes.com.br\/wp-content\/uploads\/2022\/12\/IMG-20221214-WA0000-1024x682.jpg\" alt=\"\" class=\"wp-image-27740\" srcset=\"https:\/\/blogdorogeriogomes.com.br\/noticias\/wp-content\/uploads\/2022\/12\/IMG-20221214-WA0000-1024x682.jpg 1024w, https:\/\/blogdorogeriogomes.com.br\/noticias\/wp-content\/uploads\/2022\/12\/IMG-20221214-WA0000-300x200.jpg 300w, https:\/\/blogdorogeriogomes.com.br\/noticias\/wp-content\/uploads\/2022\/12\/IMG-20221214-WA0000-768x511.jpg 768w, https:\/\/blogdorogeriogomes.com.br\/noticias\/wp-content\/uploads\/2022\/12\/IMG-20221214-WA0000-800x533.jpg 800w, https:\/\/blogdorogeriogomes.com.br\/noticias\/wp-content\/uploads\/2022\/12\/IMG-20221214-WA0000.jpg 1080w\" sizes=\"auto, (max-width: 1024px) 100vw, 1024px\" \/><\/figure>\n","protected":false},"excerpt":{"rendered":"<p>O governador eleito Elmano de Freitas (PT) participou de reuni\u00e3o, em Bras\u00edlia, junto da governadora do Cear\u00e1, Izolda Cela, do f\u00f3rum de governadores e de outros governadores eleitos de uma reuni\u00e3o com a presidente do Supremo Tribunal Federal (STF), ministra Rosa Weber. No encontro foram debatidas a\u00e7\u00f5es que discutem a diferen\u00e7a de al\u00edquotas de ICMS nos Estados, especialmente no com\u00e9rcio eletr\u00f4nico. No Governo Bolsonaro, os estados perderam bastante recursos na arrecada\u00e7\u00e3o do ICMS relacionado aos combust\u00edveis e os governos&hellip;<\/p>\n","protected":false},"author":1,"featured_media":27740,"comment_status":"open","ping_status":"open","sticky":false,"template":"","format":"standard","meta":{"footnotes":""},"categories":[1],"tags":[],"class_list":["post-27739","post","type-post","status-publish","format-standard","has-post-thumbnail","hentry","category-noticias"],"_links":{"self":[{"href":"https:\/\/blogdorogeriogomes.com.br\/noticias\/wp-json\/wp\/v2\/posts\/27739","targetHints":{"allow":["GET"]}}],"collection":[{"href":"https:\/\/blogdorogeriogomes.com.br\/noticias\/wp-json\/wp\/v2\/posts"}],"about":[{"href":"https:\/\/blogdorogeriogomes.com.br\/noticias\/wp-json\/wp\/v2\/types\/post"}],"author":[{"embeddable":true,"href":"https:\/\/blogdorogeriogomes.com.br\/noticias\/wp-json\/wp\/v2\/users\/1"}],"replies":[{"embeddable":true,"href":"https:\/\/blogdorogeriogomes.com.br\/noticias\/wp-json\/wp\/v2\/comments?post=27739"}],"version-history":[{"count":1,"href":"https:\/\/blogdorogeriogomes.com.br\/noticias\/wp-json\/wp\/v2\/posts\/27739\/revisions"}],"predecessor-version":[{"id":27741,"href":"https:\/\/blogdorogeriogomes.com.br\/noticias\/wp-json\/wp\/v2\/posts\/27739\/revisions\/27741"}],"wp:featuredmedia":[{"embeddable":true,"href":"https:\/\/blogdorogeriogomes.com.br\/noticias\/wp-json\/wp\/v2\/media\/27740"}],"wp:attachment":[{"href":"https:\/\/blogdorogeriogomes.com.br\/noticias\/wp-json\/wp\/v2\/media?parent=27739"}],"wp:term":[{"taxonomy":"category","embeddable":true,"href":"https:\/\/blogdorogeriogomes.com.br\/noticias\/wp-json\/wp\/v2\/categories?post=27739"},{"taxonomy":"post_tag","embeddable":true,"href":"https:\/\/blogdorogeriogomes.com.br\/noticias\/wp-json\/wp\/v2\/tags?post=27739"}],"curies":[{"name":"wp","href":"https:\/\/api.w.org\/{rel}","templated":true}]}}