{"id":27745,"date":"2022-12-14T11:49:42","date_gmt":"2022-12-14T11:49:42","guid":{"rendered":"https:\/\/blogdorogeriogomes.com.br\/?p=27745"},"modified":"2022-12-15T10:09:29","modified_gmt":"2022-12-15T10:09:29","slug":"assembleia-legislativa-do-ceara-apresenta-resultados-do-pacto-pelo-saneamento-basico","status":"publish","type":"post","link":"https:\/\/blogdorogeriogomes.com.br\/noticias\/2022\/12\/assembleia-legislativa-do-ceara-apresenta-resultados-do-pacto-pelo-saneamento-basico\/","title":{"rendered":"Assembleia Legislativa do Cear\u00e1 apresenta resultados do Pacto pelo Saneamento B\u00e1sico"},"content":{"rendered":"\n<p>A Assembleia Legislativa do Estado do Cear\u00e1 realiza em 15 de dezembro, solenidade de entrega de resultados dos estudos do Pacto pelo Saneamento B\u00e1sico e do Projeto Move Cear\u00e1 \u2013 Fortalecendo a Economia Cearense. O evento acontecer\u00e1 no audit\u00f3rio Murilo Aguiar, a partir das 15 horas. Os dois trabalhos foram coordenados pelo Conselho de Altos Estudos e Assuntos Estrat\u00e9gicos. O documento \u201cPlano Estrat\u00e9gico de Saneamento B\u00e1sico do Cear\u00e1\u201d \u00e9 o resultado de um intenso processo de pesquisa, levantamento e an\u00e1lise de informa\u00e7\u00f5es sobre a situa\u00e7\u00e3o atual do Saneamento B\u00e1sico no estado, desenvolvido desde dezembro de 2019, por um conjunto de institui\u00e7\u00f5es p\u00fablicas e organiza\u00e7\u00f5es da sociedade civil que atuam no setor. O Move-CE \u00e9 resultante de um projeto constru\u00eddo a partir de pesquisa sobre o setor produtivo cearense, enriquecido pela escuta de representantes de 11 setores, em encontros realizados nas 14 macrorregi\u00f5es de planejamento do estado, durante o primeiro semestre de 2022.<\/p>\n\n\n\n<p>A iniciativa ir\u00e1 ajudar a alavancar a economia cearense facilitando a governan\u00e7a e o acompanhamento pelo Legislativo estadual das principais demandas e pol\u00edticas p\u00fablicas que dizem respeito ao setor produtivo do Cear\u00e1, sobretudo considerando o quanto a economia cearense foi prejudicada pela pandemia da Covid-19, com preju\u00edzos financeiros e desemprego na popula\u00e7\u00e3o.<\/p>\n\n\n\n<p>O pacto tem como refer\u00eancia cinco Eixos Tem\u00e1ticos: Abastecimento de \u00c1gua Pot\u00e1vel e Esgotamento Sanit\u00e1rio Urbanos, Limpeza Urbana e Manejo de Res\u00edduos S\u00f3lidos, Drenagem e Manejo de \u00c1guas Pluviais Urbanas, Saneamento B\u00e1sico Rural e Educa\u00e7\u00e3o Ambiental para o Saneamento B\u00e1sico. Os documentos resultantes se constituem numa significativa refer\u00eancia para o planejamento e a execu\u00e7\u00e3o das a\u00e7\u00f5es de Saneamento B\u00e1sico no Cear\u00e1, na perspectiva de universaliza\u00e7\u00e3o do servi\u00e7o em nosso Estado.<\/p>\n\n\n\n<p>O presidente da Assembleia, deputado Evandro Leit\u00e3o, considera de grande import\u00e2ncia a contribui\u00e7\u00e3o do Conselho de Altos Estudos e Assuntos Estrat\u00e9gicos para Assembleia Legislativa no que diz respeito \u00e0 pesquisa, educa\u00e7\u00e3o e mem\u00f3ria do Parlamento, pois oferece base s\u00f3lida para o planejamento e desenvolvimento de pol\u00edticas p\u00fablicas, bem como embasamento cient\u00edfico para medidas aprovadas por esta Casa. \u201cNeste sentido, \u00e9 uma grande satisfa\u00e7\u00e3o apresentarmos \u00e0 popula\u00e7\u00e3o cearense os resultados de dois importantes movimentos geradores de conhecimentos para a\u00e7\u00f5es no Poder P\u00fablico em conson\u00e2ncia e converg\u00eancia com o privado.\u201d Ao reconhecer que, atualmente, menos da metade da popula\u00e7\u00e3o cearense disp\u00f5e de cobertura de esgoto, Evandro percebe que \u201c h\u00e1 muito a se fazer para que possamos efetivamente garantir estrutura de saneamento a todas as fam\u00edlias de nosso estado, como direito universal.\u201d Sobre o Move-CE, ele entende que \u201ca parceria entre a Assembleia Legislativa, por meio do Conselho de Altos Estudos, e a plataforma de neg\u00f3cios TrendsCE, apresenta os frutos de uma escuta regionalizada que pode ser um norteador para investimentos privados e incentivos governamentais.\u201d<\/p>\n\n\n\n<p>O presidente do Conselho de Altos Estudos, deputado Tin Gomes, se considera honrado fazer parte do processo e poder entregar para o poder p\u00fablico, para entidades e<br>principalmente para a sociedade cearense os resultados obtidos pelo MOVE e pelo Pacto pelo Saneamento B\u00e1sico. \u201cSabemos o quanto a economia cearense foi prejudicada pela pandemia, causando preju\u00edzos financeiros e o desemprego na popula\u00e7\u00e3o. Atrav\u00e9s do Move-CE tivemos a possibilidade de ouvir as demandas do setor produtivo e atrav\u00e9s das solicita\u00e7\u00f5es pensar em a\u00e7\u00f5es para novamente movimentar os mais diversos segmentos, gerando emprego e novas fontes de renda. J\u00e1 no Pacto pelo Saneamento, foi realizado um estudo diversificado em todo territ\u00f3rio estadual buscando a universaliza\u00e7\u00e3o do saneamento. Tenho certeza que ambos os projetos deixam um legado fundamental para a popula\u00e7\u00e3o\u201d.<\/p>\n\n\n\n<p>A secret\u00e1ria executiva do Conselho de Altos Estudos, Lu\u00edza Martins, diz que este \u00e9 um momento para comemorar a conclus\u00e3o de dois trabalhos t\u00e3o relevantes para o Parlamento cearense e para o povo do nosso estado. \u201cO Conselho de Altos Estudos e Assuntos Estrat\u00e9gicos entrega \u00e0 sociedade e aos poderes estatais, dois importantes instrumentos de a\u00e7\u00e3o na busca para o aperfei\u00e7oamento das pol\u00edticas p\u00fablicas em nosso estado,\u201d conclui.<\/p>\n\n\n\n<figure class=\"wp-block-image size-full\"><img loading=\"lazy\" decoding=\"async\" width=\"900\" height=\"600\" src=\"https:\/\/blogdorogeriogomes.com.br\/wp-content\/uploads\/2022\/10\/IMG-20221018-WA0002.jpg\" alt=\"\" class=\"wp-image-27249\" srcset=\"https:\/\/blogdorogeriogomes.com.br\/noticias\/wp-content\/uploads\/2022\/10\/IMG-20221018-WA0002.jpg 900w, https:\/\/blogdorogeriogomes.com.br\/noticias\/wp-content\/uploads\/2022\/10\/IMG-20221018-WA0002-300x200.jpg 300w, https:\/\/blogdorogeriogomes.com.br\/noticias\/wp-content\/uploads\/2022\/10\/IMG-20221018-WA0002-768x512.jpg 768w, https:\/\/blogdorogeriogomes.com.br\/noticias\/wp-content\/uploads\/2022\/10\/IMG-20221018-WA0002-800x533.jpg 800w\" sizes=\"auto, (max-width: 900px) 100vw, 900px\" \/><\/figure>\n","protected":false},"excerpt":{"rendered":"<p>A Assembleia Legislativa do Estado do Cear\u00e1 realiza em 15 de dezembro, solenidade de entrega de resultados dos estudos do Pacto pelo Saneamento B\u00e1sico e do Projeto Move Cear\u00e1 \u2013 Fortalecendo a Economia Cearense. O evento acontecer\u00e1 no audit\u00f3rio Murilo Aguiar, a partir das 15 horas. Os dois trabalhos foram coordenados pelo Conselho de Altos Estudos e Assuntos Estrat\u00e9gicos. O documento \u201cPlano Estrat\u00e9gico de Saneamento B\u00e1sico do Cear\u00e1\u201d \u00e9 o resultado de um intenso processo de pesquisa, levantamento e&hellip;<\/p>\n","protected":false},"author":1,"featured_media":3105,"comment_status":"open","ping_status":"open","sticky":false,"template":"","format":"standard","meta":{"footnotes":""},"categories":[1],"tags":[],"class_list":["post-27745","post","type-post","status-publish","format-standard","has-post-thumbnail","hentry","category-noticias"],"_links":{"self":[{"href":"https:\/\/blogdorogeriogomes.com.br\/noticias\/wp-json\/wp\/v2\/posts\/27745","targetHints":{"allow":["GET"]}}],"collection":[{"href":"https:\/\/blogdorogeriogomes.com.br\/noticias\/wp-json\/wp\/v2\/posts"}],"about":[{"href":"https:\/\/blogdorogeriogomes.com.br\/noticias\/wp-json\/wp\/v2\/types\/post"}],"author":[{"embeddable":true,"href":"https:\/\/blogdorogeriogomes.com.br\/noticias\/wp-json\/wp\/v2\/users\/1"}],"replies":[{"embeddable":true,"href":"https:\/\/blogdorogeriogomes.com.br\/noticias\/wp-json\/wp\/v2\/comments?post=27745"}],"version-history":[{"count":1,"href":"https:\/\/blogdorogeriogomes.com.br\/noticias\/wp-json\/wp\/v2\/posts\/27745\/revisions"}],"predecessor-version":[{"id":27746,"href":"https:\/\/blogdorogeriogomes.com.br\/noticias\/wp-json\/wp\/v2\/posts\/27745\/revisions\/27746"}],"wp:featuredmedia":[{"embeddable":true,"href":"https:\/\/blogdorogeriogomes.com.br\/noticias\/wp-json\/wp\/v2\/media\/3105"}],"wp:attachment":[{"href":"https:\/\/blogdorogeriogomes.com.br\/noticias\/wp-json\/wp\/v2\/media?parent=27745"}],"wp:term":[{"taxonomy":"category","embeddable":true,"href":"https:\/\/blogdorogeriogomes.com.br\/noticias\/wp-json\/wp\/v2\/categories?post=27745"},{"taxonomy":"post_tag","embeddable":true,"href":"https:\/\/blogdorogeriogomes.com.br\/noticias\/wp-json\/wp\/v2\/tags?post=27745"}],"curies":[{"name":"wp","href":"https:\/\/api.w.org\/{rel}","templated":true}]}}