{"id":27747,"date":"2022-12-15T01:07:37","date_gmt":"2022-12-15T01:07:37","guid":{"rendered":"https:\/\/blogdorogeriogomes.com.br\/?p=27747"},"modified":"2022-12-15T10:07:51","modified_gmt":"2022-12-15T10:07:51","slug":"alexandre-de-moraes-cobra-explicacoes-de-ministerio-da-justica-e-de-governo-do-df-sobre-ataques-ninguem-foi-preso-pela-pm","status":"publish","type":"post","link":"https:\/\/blogdorogeriogomes.com.br\/noticias\/2022\/12\/alexandre-de-moraes-cobra-explicacoes-de-ministerio-da-justica-e-de-governo-do-df-sobre-ataques-ninguem-foi-preso-pela-pm\/","title":{"rendered":"Alexandre de Moraes cobra explica\u00e7\u00f5es de Minist\u00e9rio da Justi\u00e7a e de Governo do DF sobre ataques. Ningu\u00e9m foi preso pela PM"},"content":{"rendered":"\n<p>&nbsp;O ministro do Supremo Tribunal Federal (STF) Alexandre de Moraes deu 48 horas para que o ministro da Justi\u00e7a, Anderson Torres, e o governador do Distrito Federal, Ibaneis Rocha (MDB), detalhem as solu\u00e7\u00f5es adotadas por for\u00e7as de seguran\u00e7a para conter atos de vandalismo cometidos por bolsonaristas em Bras\u00edlia (DF), na \u00faltima segunda-feira, dia 12 de dezembro. Pelo menos oito ve\u00edculos, sendo sete carros e um \u00f4nibus, foram incendiados e a Pol\u00edcia Militar do Distrito Federal n\u00e3o efetuou uma s\u00f3 pris\u00e3o.<br>Alexandre de Moraes refor\u00e7ou que os bolsonaristas fizeram protestos com &#8220;viol\u00eancia e grave amea\u00e7a \u00e0s pessoas&#8221;.<br>Desde a vit\u00f3ria de Lula no 2\u00b0 turno, bolsonaristas radicais mant\u00eam protestos em rodovias e na frente de institui\u00e7\u00f5es militares. Mas o ministro do STF, Alexandre de Moraes, deixou claro que \u201cainda tem muita gente para prender e muita multa para aplicar\u201d no \u00e2mbito dos inqu\u00e9ritos que apuram as responsabilidades dos atos de cunho golpistas e antidemocr\u00e1ticos da atua\u00e7\u00e3o das mil\u00edcias digitais e dissemina\u00e7\u00e3o de fale news.&nbsp;<\/p>\n\n\n\n<figure class=\"wp-block-image size-full\"><img loading=\"lazy\" decoding=\"async\" width=\"540\" height=\"304\" src=\"https:\/\/blogdorogeriogomes.com.br\/wp-content\/uploads\/2022\/12\/IMG-20221214-WA0004.jpg\" alt=\"\" class=\"wp-image-27748\" srcset=\"https:\/\/blogdorogeriogomes.com.br\/noticias\/wp-content\/uploads\/2022\/12\/IMG-20221214-WA0004.jpg 540w, https:\/\/blogdorogeriogomes.com.br\/noticias\/wp-content\/uploads\/2022\/12\/IMG-20221214-WA0004-300x169.jpg 300w\" sizes=\"auto, (max-width: 540px) 100vw, 540px\" \/><\/figure>\n","protected":false},"excerpt":{"rendered":"<p>&nbsp;O ministro do Supremo Tribunal Federal (STF) Alexandre de Moraes deu 48 horas para que o ministro da Justi\u00e7a, Anderson Torres, e o governador do Distrito Federal, Ibaneis Rocha (MDB), detalhem as solu\u00e7\u00f5es adotadas por for\u00e7as de seguran\u00e7a para conter atos de vandalismo cometidos por bolsonaristas em Bras\u00edlia (DF), na \u00faltima segunda-feira, dia 12 de dezembro. Pelo menos oito ve\u00edculos, sendo sete carros e um \u00f4nibus, foram incendiados e a Pol\u00edcia Militar do Distrito Federal n\u00e3o efetuou uma s\u00f3&hellip;<\/p>\n","protected":false},"author":1,"featured_media":27748,"comment_status":"open","ping_status":"open","sticky":false,"template":"","format":"standard","meta":{"footnotes":""},"categories":[1],"tags":[],"class_list":["post-27747","post","type-post","status-publish","format-standard","has-post-thumbnail","hentry","category-noticias"],"_links":{"self":[{"href":"https:\/\/blogdorogeriogomes.com.br\/noticias\/wp-json\/wp\/v2\/posts\/27747","targetHints":{"allow":["GET"]}}],"collection":[{"href":"https:\/\/blogdorogeriogomes.com.br\/noticias\/wp-json\/wp\/v2\/posts"}],"about":[{"href":"https:\/\/blogdorogeriogomes.com.br\/noticias\/wp-json\/wp\/v2\/types\/post"}],"author":[{"embeddable":true,"href":"https:\/\/blogdorogeriogomes.com.br\/noticias\/wp-json\/wp\/v2\/users\/1"}],"replies":[{"embeddable":true,"href":"https:\/\/blogdorogeriogomes.com.br\/noticias\/wp-json\/wp\/v2\/comments?post=27747"}],"version-history":[{"count":1,"href":"https:\/\/blogdorogeriogomes.com.br\/noticias\/wp-json\/wp\/v2\/posts\/27747\/revisions"}],"predecessor-version":[{"id":27749,"href":"https:\/\/blogdorogeriogomes.com.br\/noticias\/wp-json\/wp\/v2\/posts\/27747\/revisions\/27749"}],"wp:featuredmedia":[{"embeddable":true,"href":"https:\/\/blogdorogeriogomes.com.br\/noticias\/wp-json\/wp\/v2\/media\/27748"}],"wp:attachment":[{"href":"https:\/\/blogdorogeriogomes.com.br\/noticias\/wp-json\/wp\/v2\/media?parent=27747"}],"wp:term":[{"taxonomy":"category","embeddable":true,"href":"https:\/\/blogdorogeriogomes.com.br\/noticias\/wp-json\/wp\/v2\/categories?post=27747"},{"taxonomy":"post_tag","embeddable":true,"href":"https:\/\/blogdorogeriogomes.com.br\/noticias\/wp-json\/wp\/v2\/tags?post=27747"}],"curies":[{"name":"wp","href":"https:\/\/api.w.org\/{rel}","templated":true}]}}