{"id":27754,"date":"2022-12-15T10:58:35","date_gmt":"2022-12-15T10:58:35","guid":{"rendered":"https:\/\/blogdorogeriogomes.com.br\/?p=27754"},"modified":"2022-12-16T08:42:47","modified_gmt":"2022-12-16T08:42:47","slug":"governo-do-ceara-quer-implantar-ensino-integral-para-o-9-ano-em-todas-as-escolas-municipais-a-partir-do-proximo-ano","status":"publish","type":"post","link":"https:\/\/blogdorogeriogomes.com.br\/noticias\/2022\/12\/governo-do-ceara-quer-implantar-ensino-integral-para-o-9-ano-em-todas-as-escolas-municipais-a-partir-do-proximo-ano\/","title":{"rendered":"Governo do Cear\u00e1 quer implantar ensino integral para o 9\u00b0 ano em todas as escolas municipais a partir do pr\u00f3ximo ano"},"content":{"rendered":"\n<p>Em uma parceria que deve envolver&nbsp;a Secretaria da Educa\u00e7\u00e3o do Estado e prefeituras dos munic\u00edpios cearenses, o Governo do Cear\u00e1 quer implantar o ensino integral para as turmas de 9\u00b0 ano em todas as escolas municipais a partir do pr\u00f3ximo ano. A medida pode beneficiar mais 400 mil estudantes dos anos finais do ensino fundamental.<br>A proposta foi aprovada pela Assembleia Legislativa num Projeto de Lei que ser\u00e1 sancionado pela governadora Izolda Cela. \u00c9 uma iniciativa do Programa Aprendizagem na Idade Certa (Mais PAIC) para levar a modalidade aos anos finais do ensino fundamental at\u00e9 2026 com estimativa de investimento de R$ 900 milh\u00f5es.<\/p>\n\n\n\n<figure class=\"wp-block-image size-large\"><img loading=\"lazy\" decoding=\"async\" width=\"1024\" height=\"576\" src=\"https:\/\/blogdorogeriogomes.com.br\/wp-content\/uploads\/2022\/12\/IMG-20221215-WA0000-1024x576.jpg\" alt=\"\" class=\"wp-image-27755\" srcset=\"https:\/\/blogdorogeriogomes.com.br\/noticias\/wp-content\/uploads\/2022\/12\/IMG-20221215-WA0000-1024x576.jpg 1024w, https:\/\/blogdorogeriogomes.com.br\/noticias\/wp-content\/uploads\/2022\/12\/IMG-20221215-WA0000-300x169.jpg 300w, https:\/\/blogdorogeriogomes.com.br\/noticias\/wp-content\/uploads\/2022\/12\/IMG-20221215-WA0000-768x432.jpg 768w, https:\/\/blogdorogeriogomes.com.br\/noticias\/wp-content\/uploads\/2022\/12\/IMG-20221215-WA0000-800x450.jpg 800w, https:\/\/blogdorogeriogomes.com.br\/noticias\/wp-content\/uploads\/2022\/12\/IMG-20221215-WA0000.jpg 1280w\" sizes=\"auto, (max-width: 1024px) 100vw, 1024px\" \/><\/figure>\n","protected":false},"excerpt":{"rendered":"<p>Em uma parceria que deve envolver&nbsp;a Secretaria da Educa\u00e7\u00e3o do Estado e prefeituras dos munic\u00edpios cearenses, o Governo do Cear\u00e1 quer implantar o ensino integral para as turmas de 9\u00b0 ano em todas as escolas municipais a partir do pr\u00f3ximo ano. A medida pode beneficiar mais 400 mil estudantes dos anos finais do ensino fundamental.A proposta foi aprovada pela Assembleia Legislativa num Projeto de Lei que ser\u00e1 sancionado pela governadora Izolda Cela. \u00c9 uma iniciativa do Programa Aprendizagem na&hellip;<\/p>\n","protected":false},"author":1,"featured_media":27755,"comment_status":"open","ping_status":"open","sticky":false,"template":"","format":"standard","meta":{"footnotes":""},"categories":[1],"tags":[],"class_list":["post-27754","post","type-post","status-publish","format-standard","has-post-thumbnail","hentry","category-noticias"],"_links":{"self":[{"href":"https:\/\/blogdorogeriogomes.com.br\/noticias\/wp-json\/wp\/v2\/posts\/27754","targetHints":{"allow":["GET"]}}],"collection":[{"href":"https:\/\/blogdorogeriogomes.com.br\/noticias\/wp-json\/wp\/v2\/posts"}],"about":[{"href":"https:\/\/blogdorogeriogomes.com.br\/noticias\/wp-json\/wp\/v2\/types\/post"}],"author":[{"embeddable":true,"href":"https:\/\/blogdorogeriogomes.com.br\/noticias\/wp-json\/wp\/v2\/users\/1"}],"replies":[{"embeddable":true,"href":"https:\/\/blogdorogeriogomes.com.br\/noticias\/wp-json\/wp\/v2\/comments?post=27754"}],"version-history":[{"count":1,"href":"https:\/\/blogdorogeriogomes.com.br\/noticias\/wp-json\/wp\/v2\/posts\/27754\/revisions"}],"predecessor-version":[{"id":27756,"href":"https:\/\/blogdorogeriogomes.com.br\/noticias\/wp-json\/wp\/v2\/posts\/27754\/revisions\/27756"}],"wp:featuredmedia":[{"embeddable":true,"href":"https:\/\/blogdorogeriogomes.com.br\/noticias\/wp-json\/wp\/v2\/media\/27755"}],"wp:attachment":[{"href":"https:\/\/blogdorogeriogomes.com.br\/noticias\/wp-json\/wp\/v2\/media?parent=27754"}],"wp:term":[{"taxonomy":"category","embeddable":true,"href":"https:\/\/blogdorogeriogomes.com.br\/noticias\/wp-json\/wp\/v2\/categories?post=27754"},{"taxonomy":"post_tag","embeddable":true,"href":"https:\/\/blogdorogeriogomes.com.br\/noticias\/wp-json\/wp\/v2\/tags?post=27754"}],"curies":[{"name":"wp","href":"https:\/\/api.w.org\/{rel}","templated":true}]}}