{"id":27760,"date":"2022-12-16T01:09:31","date_gmt":"2022-12-16T01:09:31","guid":{"rendered":"https:\/\/blogdorogeriogomes.com.br\/?p=27760"},"modified":"2022-12-16T08:42:27","modified_gmt":"2022-12-16T08:42:27","slug":"prefeitura-de-caucaia-firma-parceria-educacional-com-fiec","status":"publish","type":"post","link":"https:\/\/blogdorogeriogomes.com.br\/noticias\/2022\/12\/prefeitura-de-caucaia-firma-parceria-educacional-com-fiec\/","title":{"rendered":"Prefeitura de Caucaia firma parceria educacional com Fiec"},"content":{"rendered":"\n<p>A Prefeitura de Caucaia firmou mais uma parceria para o setor educacional na ter\u00e7a-feira, dia 13 de dezembro, na Casa da Ind\u00fastria, em Fortaleza. O Prefeito do Munic\u00edpio de Caucaia, Vitor Valim, se reuniu com o presidente da Federa\u00e7\u00e3o das Ind\u00fastrias do Estado do Cear\u00e1 (FIEC) e da Associa\u00e7\u00e3o Nordeste Forte, Ricardo Cavalcante. O objetivo do encontro foi fortalecer parcerias importantes na Educa\u00e7\u00e3o como cursos de capacita\u00e7\u00e3o profissional, atrav\u00e9s do Sesi\/Senai e da F\u00e1brica de Rob\u00f4s, projeto que j\u00e1 beneficia 210 alunos da rede municipal.<\/p>\n\n\n\n<p>Na ocasi\u00e3o, foi apresentado o Observat\u00f3rio da Ind\u00fastria, um hub de uma intelig\u00eancia coletiva, capaz de acessar e analisar dados e informa\u00e7\u00f5es, identificar e construir cen\u00e1rios de futuro. A comitiva do munic\u00edpio era formada ainda pelo Secret\u00e1rio de Educa\u00e7\u00e3o de Caucaia, S\u00e9rgio Kobayashi e pelo Consultor S\u00eanior de Educa\u00e7\u00e3o da cidade, Antonio Vasques. Pela FIEC, estiveram presentes, o 1\u00ba Vice-Presidente, Carlos Prado; o Diretor Administrativo, Chico Esteves; o Superintendente Regional do SESI Cear\u00e1 e Diretor do Departamento Regional do SENAI Cear\u00e1, Paulo Andr\u00e9 Holanda; e o Gerente do Observat\u00f3rio da Ind\u00fastria, Guilherme Muchale.<\/p>\n\n\n\n<figure class=\"wp-block-image size-full\"><img loading=\"lazy\" decoding=\"async\" width=\"600\" height=\"450\" src=\"https:\/\/blogdorogeriogomes.com.br\/wp-content\/uploads\/2022\/12\/IMG-20221215-WA0002.jpg\" alt=\"\" class=\"wp-image-27761\" srcset=\"https:\/\/blogdorogeriogomes.com.br\/noticias\/wp-content\/uploads\/2022\/12\/IMG-20221215-WA0002.jpg 600w, https:\/\/blogdorogeriogomes.com.br\/noticias\/wp-content\/uploads\/2022\/12\/IMG-20221215-WA0002-300x225.jpg 300w, https:\/\/blogdorogeriogomes.com.br\/noticias\/wp-content\/uploads\/2022\/12\/IMG-20221215-WA0002-400x300.jpg 400w\" sizes=\"auto, (max-width: 600px) 100vw, 600px\" \/><\/figure>\n","protected":false},"excerpt":{"rendered":"<p>A Prefeitura de Caucaia firmou mais uma parceria para o setor educacional na ter\u00e7a-feira, dia 13 de dezembro, na Casa da Ind\u00fastria, em Fortaleza. O Prefeito do Munic\u00edpio de Caucaia, Vitor Valim, se reuniu com o presidente da Federa\u00e7\u00e3o das Ind\u00fastrias do Estado do Cear\u00e1 (FIEC) e da Associa\u00e7\u00e3o Nordeste Forte, Ricardo Cavalcante. O objetivo do encontro foi fortalecer parcerias importantes na Educa\u00e7\u00e3o como cursos de capacita\u00e7\u00e3o profissional, atrav\u00e9s do Sesi\/Senai e da F\u00e1brica de Rob\u00f4s, projeto que j\u00e1&hellip;<\/p>\n","protected":false},"author":1,"featured_media":27761,"comment_status":"open","ping_status":"open","sticky":false,"template":"","format":"standard","meta":{"footnotes":""},"categories":[1],"tags":[],"class_list":["post-27760","post","type-post","status-publish","format-standard","has-post-thumbnail","hentry","category-noticias"],"_links":{"self":[{"href":"https:\/\/blogdorogeriogomes.com.br\/noticias\/wp-json\/wp\/v2\/posts\/27760","targetHints":{"allow":["GET"]}}],"collection":[{"href":"https:\/\/blogdorogeriogomes.com.br\/noticias\/wp-json\/wp\/v2\/posts"}],"about":[{"href":"https:\/\/blogdorogeriogomes.com.br\/noticias\/wp-json\/wp\/v2\/types\/post"}],"author":[{"embeddable":true,"href":"https:\/\/blogdorogeriogomes.com.br\/noticias\/wp-json\/wp\/v2\/users\/1"}],"replies":[{"embeddable":true,"href":"https:\/\/blogdorogeriogomes.com.br\/noticias\/wp-json\/wp\/v2\/comments?post=27760"}],"version-history":[{"count":1,"href":"https:\/\/blogdorogeriogomes.com.br\/noticias\/wp-json\/wp\/v2\/posts\/27760\/revisions"}],"predecessor-version":[{"id":27762,"href":"https:\/\/blogdorogeriogomes.com.br\/noticias\/wp-json\/wp\/v2\/posts\/27760\/revisions\/27762"}],"wp:featuredmedia":[{"embeddable":true,"href":"https:\/\/blogdorogeriogomes.com.br\/noticias\/wp-json\/wp\/v2\/media\/27761"}],"wp:attachment":[{"href":"https:\/\/blogdorogeriogomes.com.br\/noticias\/wp-json\/wp\/v2\/media?parent=27760"}],"wp:term":[{"taxonomy":"category","embeddable":true,"href":"https:\/\/blogdorogeriogomes.com.br\/noticias\/wp-json\/wp\/v2\/categories?post=27760"},{"taxonomy":"post_tag","embeddable":true,"href":"https:\/\/blogdorogeriogomes.com.br\/noticias\/wp-json\/wp\/v2\/tags?post=27760"}],"curies":[{"name":"wp","href":"https:\/\/api.w.org\/{rel}","templated":true}]}}