{"id":27763,"date":"2022-12-16T01:13:56","date_gmt":"2022-12-16T01:13:56","guid":{"rendered":"https:\/\/blogdorogeriogomes.com.br\/?p=27763"},"modified":"2022-12-16T08:42:17","modified_gmt":"2022-12-16T08:42:17","slug":"vereador-leo-couto-fica-contra-taxa-do-lixo-e-deixa-vice-lideranca-de-sarto-na-camara-projeto-esta-pronto-para-ser-votado-em-plenario","status":"publish","type":"post","link":"https:\/\/blogdorogeriogomes.com.br\/noticias\/2022\/12\/vereador-leo-couto-fica-contra-taxa-do-lixo-e-deixa-vice-lideranca-de-sarto-na-camara-projeto-esta-pronto-para-ser-votado-em-plenario\/","title":{"rendered":"Vereador L\u00e9o Couto fica contra taxa do lixo e deixa vice-lideranca de Sarto na C\u00e2mara. Projeto est\u00e1 pronto para ser votado em plen\u00e1rio"},"content":{"rendered":"\n<p>O vereador L\u00e9o Couto (PSB) marcou posi\u00e7\u00e3o contra o projeto que cria a taxa do lixo em Fortaleza e deixou a vice-lideran\u00e7a do prefeito Jos\u00e9 Sarto na C\u00e2mara Municipal, nesta quinta-feira, dia 15 de dezembro. Parlamentares de oposi\u00e7\u00e3o e alguns da oposi\u00e7\u00e3o se mostram contr\u00e1rios \u00e0 proposta, que est\u00e1 pronta para ser votada em plen\u00e1rio.<br>A Comiss\u00e3o Conjunta de Legisla\u00e7\u00e3o e Or\u00e7amento da C\u00e2mara Municipal aprovou 21 emendas dos vereadores e agora o projeto depende apenas da aprova\u00e7\u00e3o do plen\u00e1rio. Na quarta-feira, dia 14, houve manifesta\u00e7\u00e3o nas galerias da C\u00e2mara contra o novo imposto.<br>Se a taxa do lixo for aprovada, os contribuintes de Fortaleza que n\u00e3o sejam de baixa renda v\u00e3o pagar valor de R$ 258 a R$ 1.600 reais, que pode ser parcelado em at\u00e9 12 vezes, dependendo da quantidade de lixo que produz e do tamanho do terreno onde reside.<\/p>\n\n\n\n<figure class=\"wp-block-image size-full\"><img loading=\"lazy\" decoding=\"async\" width=\"739\" height=\"415\" src=\"https:\/\/blogdorogeriogomes.com.br\/wp-content\/uploads\/2022\/12\/IMG-20221215-WA0005.jpg\" alt=\"\" class=\"wp-image-27764\" srcset=\"https:\/\/blogdorogeriogomes.com.br\/noticias\/wp-content\/uploads\/2022\/12\/IMG-20221215-WA0005.jpg 739w, https:\/\/blogdorogeriogomes.com.br\/noticias\/wp-content\/uploads\/2022\/12\/IMG-20221215-WA0005-300x168.jpg 300w\" sizes=\"auto, (max-width: 739px) 100vw, 739px\" \/><\/figure>\n","protected":false},"excerpt":{"rendered":"<p>O vereador L\u00e9o Couto (PSB) marcou posi\u00e7\u00e3o contra o projeto que cria a taxa do lixo em Fortaleza e deixou a vice-lideran\u00e7a do prefeito Jos\u00e9 Sarto na C\u00e2mara Municipal, nesta quinta-feira, dia 15 de dezembro. Parlamentares de oposi\u00e7\u00e3o e alguns da oposi\u00e7\u00e3o se mostram contr\u00e1rios \u00e0 proposta, que est\u00e1 pronta para ser votada em plen\u00e1rio.A Comiss\u00e3o Conjunta de Legisla\u00e7\u00e3o e Or\u00e7amento da C\u00e2mara Municipal aprovou 21 emendas dos vereadores e agora o projeto depende apenas da aprova\u00e7\u00e3o do plen\u00e1rio.&hellip;<\/p>\n","protected":false},"author":1,"featured_media":27764,"comment_status":"open","ping_status":"open","sticky":false,"template":"","format":"standard","meta":{"footnotes":""},"categories":[1],"tags":[],"class_list":["post-27763","post","type-post","status-publish","format-standard","has-post-thumbnail","hentry","category-noticias"],"_links":{"self":[{"href":"https:\/\/blogdorogeriogomes.com.br\/noticias\/wp-json\/wp\/v2\/posts\/27763","targetHints":{"allow":["GET"]}}],"collection":[{"href":"https:\/\/blogdorogeriogomes.com.br\/noticias\/wp-json\/wp\/v2\/posts"}],"about":[{"href":"https:\/\/blogdorogeriogomes.com.br\/noticias\/wp-json\/wp\/v2\/types\/post"}],"author":[{"embeddable":true,"href":"https:\/\/blogdorogeriogomes.com.br\/noticias\/wp-json\/wp\/v2\/users\/1"}],"replies":[{"embeddable":true,"href":"https:\/\/blogdorogeriogomes.com.br\/noticias\/wp-json\/wp\/v2\/comments?post=27763"}],"version-history":[{"count":1,"href":"https:\/\/blogdorogeriogomes.com.br\/noticias\/wp-json\/wp\/v2\/posts\/27763\/revisions"}],"predecessor-version":[{"id":27765,"href":"https:\/\/blogdorogeriogomes.com.br\/noticias\/wp-json\/wp\/v2\/posts\/27763\/revisions\/27765"}],"wp:featuredmedia":[{"embeddable":true,"href":"https:\/\/blogdorogeriogomes.com.br\/noticias\/wp-json\/wp\/v2\/media\/27764"}],"wp:attachment":[{"href":"https:\/\/blogdorogeriogomes.com.br\/noticias\/wp-json\/wp\/v2\/media?parent=27763"}],"wp:term":[{"taxonomy":"category","embeddable":true,"href":"https:\/\/blogdorogeriogomes.com.br\/noticias\/wp-json\/wp\/v2\/categories?post=27763"},{"taxonomy":"post_tag","embeddable":true,"href":"https:\/\/blogdorogeriogomes.com.br\/noticias\/wp-json\/wp\/v2\/tags?post=27763"}],"curies":[{"name":"wp","href":"https:\/\/api.w.org\/{rel}","templated":true}]}}