{"id":27766,"date":"2022-12-16T01:17:27","date_gmt":"2022-12-16T01:17:27","guid":{"rendered":"https:\/\/blogdorogeriogomes.com.br\/?p=27766"},"modified":"2022-12-16T08:41:49","modified_gmt":"2022-12-16T08:41:49","slug":"stf-adia-decisao-sobre-orcamento-secreto-placar-esta-5-a-4-contra-as-emendas-de-relator","status":"publish","type":"post","link":"https:\/\/blogdorogeriogomes.com.br\/noticias\/2022\/12\/stf-adia-decisao-sobre-orcamento-secreto-placar-esta-5-a-4-contra-as-emendas-de-relator\/","title":{"rendered":"STF adia decis\u00e3o sobre or\u00e7amento secreto. Placar est\u00e1 5 a 4 contra as emendas de relator"},"content":{"rendered":"\n<p>O Supremo Tribunal Federal (STF) adiou para a pr\u00f3xima segunda-feira, dia 19 de dezembro, a decis\u00e3o final sobre a constitucionalidade do or\u00e7amento secreto, que \u00e9 o pagamento das emendas de relator sem a devida transpar\u00eancia. A vota\u00e7\u00e3o desta quinta-feira, dia 15, terminou com o placar de 5 a 4 contra a medida.<\/p>\n\n\n\n<p>A sess\u00e3o foi suspensa pela presidente do Supremo Rosa Weber ap\u00f3s os ministros Ricardo Lewandowski e Gilmar Mendes pedirem mais tempo para analisar o caso. Eles s\u00e3o os \u00fanicos que ainda n\u00e3o votaram.<\/p>\n\n\n\n<p>Cinco ministros votaram pela extin\u00e7\u00e3o do or\u00e7amento secreto, considerando-o inconstitucional: Rosa Weber (relatora), Edson Fachin, Lu\u00eds Roberto Barroso, Luiz Fux e C\u00e1rmen L\u00facia.<\/p>\n\n\n\n<figure class=\"wp-block-image size-full\"><img loading=\"lazy\" decoding=\"async\" width=\"540\" height=\"304\" src=\"https:\/\/blogdorogeriogomes.com.br\/wp-content\/uploads\/2022\/12\/IMG-20221215-WA0006.jpg\" alt=\"\" class=\"wp-image-27767\" srcset=\"https:\/\/blogdorogeriogomes.com.br\/noticias\/wp-content\/uploads\/2022\/12\/IMG-20221215-WA0006.jpg 540w, https:\/\/blogdorogeriogomes.com.br\/noticias\/wp-content\/uploads\/2022\/12\/IMG-20221215-WA0006-300x169.jpg 300w\" sizes=\"auto, (max-width: 540px) 100vw, 540px\" \/><\/figure>\n","protected":false},"excerpt":{"rendered":"<p>O Supremo Tribunal Federal (STF) adiou para a pr\u00f3xima segunda-feira, dia 19 de dezembro, a decis\u00e3o final sobre a constitucionalidade do or\u00e7amento secreto, que \u00e9 o pagamento das emendas de relator sem a devida transpar\u00eancia. A vota\u00e7\u00e3o desta quinta-feira, dia 15, terminou com o placar de 5 a 4 contra a medida. A sess\u00e3o foi suspensa pela presidente do Supremo Rosa Weber ap\u00f3s os ministros Ricardo Lewandowski e Gilmar Mendes pedirem mais tempo para analisar o caso. Eles s\u00e3o&hellip;<\/p>\n","protected":false},"author":1,"featured_media":27767,"comment_status":"open","ping_status":"open","sticky":false,"template":"","format":"standard","meta":{"footnotes":""},"categories":[1],"tags":[],"class_list":["post-27766","post","type-post","status-publish","format-standard","has-post-thumbnail","hentry","category-noticias"],"_links":{"self":[{"href":"https:\/\/blogdorogeriogomes.com.br\/noticias\/wp-json\/wp\/v2\/posts\/27766","targetHints":{"allow":["GET"]}}],"collection":[{"href":"https:\/\/blogdorogeriogomes.com.br\/noticias\/wp-json\/wp\/v2\/posts"}],"about":[{"href":"https:\/\/blogdorogeriogomes.com.br\/noticias\/wp-json\/wp\/v2\/types\/post"}],"author":[{"embeddable":true,"href":"https:\/\/blogdorogeriogomes.com.br\/noticias\/wp-json\/wp\/v2\/users\/1"}],"replies":[{"embeddable":true,"href":"https:\/\/blogdorogeriogomes.com.br\/noticias\/wp-json\/wp\/v2\/comments?post=27766"}],"version-history":[{"count":1,"href":"https:\/\/blogdorogeriogomes.com.br\/noticias\/wp-json\/wp\/v2\/posts\/27766\/revisions"}],"predecessor-version":[{"id":27768,"href":"https:\/\/blogdorogeriogomes.com.br\/noticias\/wp-json\/wp\/v2\/posts\/27766\/revisions\/27768"}],"wp:featuredmedia":[{"embeddable":true,"href":"https:\/\/blogdorogeriogomes.com.br\/noticias\/wp-json\/wp\/v2\/media\/27767"}],"wp:attachment":[{"href":"https:\/\/blogdorogeriogomes.com.br\/noticias\/wp-json\/wp\/v2\/media?parent=27766"}],"wp:term":[{"taxonomy":"category","embeddable":true,"href":"https:\/\/blogdorogeriogomes.com.br\/noticias\/wp-json\/wp\/v2\/categories?post=27766"},{"taxonomy":"post_tag","embeddable":true,"href":"https:\/\/blogdorogeriogomes.com.br\/noticias\/wp-json\/wp\/v2\/tags?post=27766"}],"curies":[{"name":"wp","href":"https:\/\/api.w.org\/{rel}","templated":true}]}}