{"id":27769,"date":"2022-12-16T01:19:21","date_gmt":"2022-12-16T01:19:21","guid":{"rendered":"https:\/\/blogdorogeriogomes.com.br\/?p=27769"},"modified":"2022-12-16T08:41:41","modified_gmt":"2022-12-16T08:41:41","slug":"comissao-do-pdt-se-reune-nesta-sexta-feira-com-o-governador-eleito-elmano-de-freitas","status":"publish","type":"post","link":"https:\/\/blogdorogeriogomes.com.br\/noticias\/2022\/12\/comissao-do-pdt-se-reune-nesta-sexta-feira-com-o-governador-eleito-elmano-de-freitas\/","title":{"rendered":"Comiss\u00e3o do PDT se re\u00fane nesta sexta-feira com o governador eleito Elmano de Freitas"},"content":{"rendered":"\n<p>O PDT do Cear\u00e1 deve definir nesta sexta-feira, dia 16 de dezembro, como dever\u00e1 ser sua postura no novo governo de Elmano de Freitas, que come\u00e7a a partir de 1\u00b0 de janeiro de 2023. Uma comiss\u00e3o formada pelo senador Cid Gomes, pelo prefeito de Fortaleza, Jos\u00e9 Sarto, pelo ex-prefeito da Capital, Roberto Cl\u00e1udio,&nbsp;e pelo deputado federal Andr\u00e9 Figueiredo, que \u00e9 presidente estadual do partido, se re\u00fane com o governador eleito&nbsp;Elmano de Freitas&nbsp;(PT).<br>Caber\u00e1 ao PDT decidir se vai permanecer na oposi\u00e7\u00e3o ou se vai compor o secretariado estadual de Elmano. A expectativa \u00e9 que o novo governador anuncie a equipe de secret\u00e1rios na pr\u00f3xima segunda-feira, dia 19. Outros partidos da frente formada pelo governador eleito tamb\u00e9m deve ser contemplada na equipe de secret\u00e1rios ou no 2\u00b0 escal\u00e3o.<\/p>\n\n\n\n<figure class=\"wp-block-image size-full\"><img loading=\"lazy\" decoding=\"async\" width=\"645\" height=\"476\" src=\"https:\/\/blogdorogeriogomes.com.br\/wp-content\/uploads\/2022\/12\/IMG-20221215-WA0007.jpg\" alt=\"\" class=\"wp-image-27770\" srcset=\"https:\/\/blogdorogeriogomes.com.br\/noticias\/wp-content\/uploads\/2022\/12\/IMG-20221215-WA0007.jpg 645w, https:\/\/blogdorogeriogomes.com.br\/noticias\/wp-content\/uploads\/2022\/12\/IMG-20221215-WA0007-300x221.jpg 300w\" sizes=\"auto, (max-width: 645px) 100vw, 645px\" \/><\/figure>\n","protected":false},"excerpt":{"rendered":"<p>O PDT do Cear\u00e1 deve definir nesta sexta-feira, dia 16 de dezembro, como dever\u00e1 ser sua postura no novo governo de Elmano de Freitas, que come\u00e7a a partir de 1\u00b0 de janeiro de 2023. Uma comiss\u00e3o formada pelo senador Cid Gomes, pelo prefeito de Fortaleza, Jos\u00e9 Sarto, pelo ex-prefeito da Capital, Roberto Cl\u00e1udio,&nbsp;e pelo deputado federal Andr\u00e9 Figueiredo, que \u00e9 presidente estadual do partido, se re\u00fane com o governador eleito&nbsp;Elmano de Freitas&nbsp;(PT).Caber\u00e1 ao PDT decidir se vai permanecer na&hellip;<\/p>\n","protected":false},"author":1,"featured_media":27770,"comment_status":"open","ping_status":"open","sticky":false,"template":"","format":"standard","meta":{"footnotes":""},"categories":[1],"tags":[],"class_list":["post-27769","post","type-post","status-publish","format-standard","has-post-thumbnail","hentry","category-noticias"],"_links":{"self":[{"href":"https:\/\/blogdorogeriogomes.com.br\/noticias\/wp-json\/wp\/v2\/posts\/27769","targetHints":{"allow":["GET"]}}],"collection":[{"href":"https:\/\/blogdorogeriogomes.com.br\/noticias\/wp-json\/wp\/v2\/posts"}],"about":[{"href":"https:\/\/blogdorogeriogomes.com.br\/noticias\/wp-json\/wp\/v2\/types\/post"}],"author":[{"embeddable":true,"href":"https:\/\/blogdorogeriogomes.com.br\/noticias\/wp-json\/wp\/v2\/users\/1"}],"replies":[{"embeddable":true,"href":"https:\/\/blogdorogeriogomes.com.br\/noticias\/wp-json\/wp\/v2\/comments?post=27769"}],"version-history":[{"count":1,"href":"https:\/\/blogdorogeriogomes.com.br\/noticias\/wp-json\/wp\/v2\/posts\/27769\/revisions"}],"predecessor-version":[{"id":27771,"href":"https:\/\/blogdorogeriogomes.com.br\/noticias\/wp-json\/wp\/v2\/posts\/27769\/revisions\/27771"}],"wp:featuredmedia":[{"embeddable":true,"href":"https:\/\/blogdorogeriogomes.com.br\/noticias\/wp-json\/wp\/v2\/media\/27770"}],"wp:attachment":[{"href":"https:\/\/blogdorogeriogomes.com.br\/noticias\/wp-json\/wp\/v2\/media?parent=27769"}],"wp:term":[{"taxonomy":"category","embeddable":true,"href":"https:\/\/blogdorogeriogomes.com.br\/noticias\/wp-json\/wp\/v2\/categories?post=27769"},{"taxonomy":"post_tag","embeddable":true,"href":"https:\/\/blogdorogeriogomes.com.br\/noticias\/wp-json\/wp\/v2\/tags?post=27769"}],"curies":[{"name":"wp","href":"https:\/\/api.w.org\/{rel}","templated":true}]}}