{"id":27772,"date":"2022-12-16T10:53:41","date_gmt":"2022-12-16T10:53:41","guid":{"rendered":"https:\/\/blogdorogeriogomes.com.br\/?p=27772"},"modified":"2022-12-16T11:44:04","modified_gmt":"2022-12-16T11:44:04","slug":"congresso-derruba-veto-de-bolsonaro-e-uniao-deve-compensar-estados-com-perdas-do-icms-na-saude-e-educacao","status":"publish","type":"post","link":"https:\/\/blogdorogeriogomes.com.br\/noticias\/2022\/12\/congresso-derruba-veto-de-bolsonaro-e-uniao-deve-compensar-estados-com-perdas-do-icms-na-saude-e-educacao\/","title":{"rendered":"Congresso derruba veto de Bolsonaro e Uni\u00e3o deve compensar estados com perdas do ICMS na sa\u00fade e educa\u00e7\u00e3o"},"content":{"rendered":"\n<p>O Congresso Nacional derrubou, nesta quinta-feira, dia 15 de dezembro, o veto do presidente Jair Bolsonaro (PL) \u00e0 Lei Complementar que obrigava a Uni\u00e3o a compensar estados para a manuten\u00e7\u00e3o dos pisos constitucionais da sa\u00fade, da educa\u00e7\u00e3o e do Fundo de Manuten\u00e7\u00e3o e Desenvolvimento da Educa\u00e7\u00e3o B\u00e1sica (Fundeb).<br>Com a derrubada do veto presidencial, vale o texto j\u00e1 aprovado anteriormente por deputados e senadores, que prev\u00ea a compensa\u00e7\u00e3o financeiras a estados e munic\u00edpios quando houver perda de arrecada\u00e7\u00e3o por conta da limita\u00e7\u00e3o da cobran\u00e7a do ICMS.<br>A compensa\u00e7\u00e3o financeira tinha sido vetada pelo presidente Jair Bolsonaro em junho passado. Agora, o Governo Federal deve mandar para os estados cerca de R$ 29 bilh\u00f5es de compensa\u00e7\u00e3o em 2023.<\/p>\n\n\n\n<figure class=\"wp-block-image size-large\"><img loading=\"lazy\" decoding=\"async\" width=\"1024\" height=\"577\" src=\"https:\/\/blogdorogeriogomes.com.br\/wp-content\/uploads\/2022\/12\/IMG-20221216-WA0000-1024x577.jpg\" alt=\"\" class=\"wp-image-27773\" srcset=\"https:\/\/blogdorogeriogomes.com.br\/noticias\/wp-content\/uploads\/2022\/12\/IMG-20221216-WA0000-1024x577.jpg 1024w, https:\/\/blogdorogeriogomes.com.br\/noticias\/wp-content\/uploads\/2022\/12\/IMG-20221216-WA0000-300x169.jpg 300w, https:\/\/blogdorogeriogomes.com.br\/noticias\/wp-content\/uploads\/2022\/12\/IMG-20221216-WA0000-768x433.jpg 768w, https:\/\/blogdorogeriogomes.com.br\/noticias\/wp-content\/uploads\/2022\/12\/IMG-20221216-WA0000-800x451.jpg 800w, https:\/\/blogdorogeriogomes.com.br\/noticias\/wp-content\/uploads\/2022\/12\/IMG-20221216-WA0000.jpg 1200w\" sizes=\"auto, (max-width: 1024px) 100vw, 1024px\" \/><\/figure>\n","protected":false},"excerpt":{"rendered":"<p>O Congresso Nacional derrubou, nesta quinta-feira, dia 15 de dezembro, o veto do presidente Jair Bolsonaro (PL) \u00e0 Lei Complementar que obrigava a Uni\u00e3o a compensar estados para a manuten\u00e7\u00e3o dos pisos constitucionais da sa\u00fade, da educa\u00e7\u00e3o e do Fundo de Manuten\u00e7\u00e3o e Desenvolvimento da Educa\u00e7\u00e3o B\u00e1sica (Fundeb).Com a derrubada do veto presidencial, vale o texto j\u00e1 aprovado anteriormente por deputados e senadores, que prev\u00ea a compensa\u00e7\u00e3o financeiras a estados e munic\u00edpios quando houver perda de arrecada\u00e7\u00e3o por conta&hellip;<\/p>\n","protected":false},"author":1,"featured_media":27773,"comment_status":"open","ping_status":"open","sticky":false,"template":"","format":"standard","meta":{"footnotes":""},"categories":[1],"tags":[],"class_list":["post-27772","post","type-post","status-publish","format-standard","has-post-thumbnail","hentry","category-noticias"],"_links":{"self":[{"href":"https:\/\/blogdorogeriogomes.com.br\/noticias\/wp-json\/wp\/v2\/posts\/27772","targetHints":{"allow":["GET"]}}],"collection":[{"href":"https:\/\/blogdorogeriogomes.com.br\/noticias\/wp-json\/wp\/v2\/posts"}],"about":[{"href":"https:\/\/blogdorogeriogomes.com.br\/noticias\/wp-json\/wp\/v2\/types\/post"}],"author":[{"embeddable":true,"href":"https:\/\/blogdorogeriogomes.com.br\/noticias\/wp-json\/wp\/v2\/users\/1"}],"replies":[{"embeddable":true,"href":"https:\/\/blogdorogeriogomes.com.br\/noticias\/wp-json\/wp\/v2\/comments?post=27772"}],"version-history":[{"count":1,"href":"https:\/\/blogdorogeriogomes.com.br\/noticias\/wp-json\/wp\/v2\/posts\/27772\/revisions"}],"predecessor-version":[{"id":27774,"href":"https:\/\/blogdorogeriogomes.com.br\/noticias\/wp-json\/wp\/v2\/posts\/27772\/revisions\/27774"}],"wp:featuredmedia":[{"embeddable":true,"href":"https:\/\/blogdorogeriogomes.com.br\/noticias\/wp-json\/wp\/v2\/media\/27773"}],"wp:attachment":[{"href":"https:\/\/blogdorogeriogomes.com.br\/noticias\/wp-json\/wp\/v2\/media?parent=27772"}],"wp:term":[{"taxonomy":"category","embeddable":true,"href":"https:\/\/blogdorogeriogomes.com.br\/noticias\/wp-json\/wp\/v2\/categories?post=27772"},{"taxonomy":"post_tag","embeddable":true,"href":"https:\/\/blogdorogeriogomes.com.br\/noticias\/wp-json\/wp\/v2\/tags?post=27772"}],"curies":[{"name":"wp","href":"https:\/\/api.w.org\/{rel}","templated":true}]}}