{"id":27775,"date":"2022-12-16T10:56:00","date_gmt":"2022-12-16T10:56:00","guid":{"rendered":"https:\/\/blogdorogeriogomes.com.br\/?p=27775"},"modified":"2022-12-16T11:43:44","modified_gmt":"2022-12-16T11:43:44","slug":"camilo-santana-deve-ser-confirmado-novo-ministro-da-educacao-izolda-fica-com-secretaria-nacional-de-educacao-basica","status":"publish","type":"post","link":"https:\/\/blogdorogeriogomes.com.br\/noticias\/2022\/12\/camilo-santana-deve-ser-confirmado-novo-ministro-da-educacao-izolda-fica-com-secretaria-nacional-de-educacao-basica\/","title":{"rendered":"Camilo Santana deve ser confirmado novo ministro da Educa\u00e7\u00e3o. Izolda fica com Secretaria Nacional de Educa\u00e7\u00e3o B\u00e1sica"},"content":{"rendered":"\n<p>Depois de muitas idas e vindas, o senador eleito Camilo Santana (PT) deve ser confirmado como novo ministro da Educa\u00e7\u00e3o pelo presidente eleito Lula (PT). A governadora do Cear\u00e1, Izolda Cela, deve ficar como secret\u00e1ria nacional de Educa\u00e7\u00e3o B\u00e1sica.<br>A escolha de Camilo teve a interfer\u00eancia do PT, que queria ficar com a pasta da educa\u00e7\u00e3o. No fim das contas, Izolda Cela tamb\u00e9m ter\u00e1 a oportunidade de contribuir com seus conhecimentos na educa\u00e7\u00e3o, pasta que sofreu bastante no Governo Bolsonaro com sequentes trocas de ministros e aus\u00eancia de qualquer planejamento.<br>O presidente eleito Lula ainda pode confirmar nos pr\u00f3ximos dias novos ministros. Aliados do petista afirmam que parte dos an\u00fancios deve ser feita entre esta sexta-feira, dia 16 de dezembro, e domingo, dia 18.<\/p>\n\n\n\n<figure class=\"wp-block-image size-full\"><img loading=\"lazy\" decoding=\"async\" width=\"1024\" height=\"683\" src=\"https:\/\/blogdorogeriogomes.com.br\/wp-content\/uploads\/2022\/12\/IMG-20221216-WA0002.jpg\" alt=\"\" class=\"wp-image-27776\" srcset=\"https:\/\/blogdorogeriogomes.com.br\/noticias\/wp-content\/uploads\/2022\/12\/IMG-20221216-WA0002.jpg 1024w, https:\/\/blogdorogeriogomes.com.br\/noticias\/wp-content\/uploads\/2022\/12\/IMG-20221216-WA0002-300x200.jpg 300w, https:\/\/blogdorogeriogomes.com.br\/noticias\/wp-content\/uploads\/2022\/12\/IMG-20221216-WA0002-768x512.jpg 768w, https:\/\/blogdorogeriogomes.com.br\/noticias\/wp-content\/uploads\/2022\/12\/IMG-20221216-WA0002-800x534.jpg 800w\" sizes=\"auto, (max-width: 1024px) 100vw, 1024px\" \/><\/figure>\n","protected":false},"excerpt":{"rendered":"<p>Depois de muitas idas e vindas, o senador eleito Camilo Santana (PT) deve ser confirmado como novo ministro da Educa\u00e7\u00e3o pelo presidente eleito Lula (PT). A governadora do Cear\u00e1, Izolda Cela, deve ficar como secret\u00e1ria nacional de Educa\u00e7\u00e3o B\u00e1sica.A escolha de Camilo teve a interfer\u00eancia do PT, que queria ficar com a pasta da educa\u00e7\u00e3o. No fim das contas, Izolda Cela tamb\u00e9m ter\u00e1 a oportunidade de contribuir com seus conhecimentos na educa\u00e7\u00e3o, pasta que sofreu bastante no Governo Bolsonaro&hellip;<\/p>\n","protected":false},"author":1,"featured_media":27776,"comment_status":"open","ping_status":"open","sticky":false,"template":"","format":"standard","meta":{"footnotes":""},"categories":[1],"tags":[],"class_list":["post-27775","post","type-post","status-publish","format-standard","has-post-thumbnail","hentry","category-noticias"],"_links":{"self":[{"href":"https:\/\/blogdorogeriogomes.com.br\/noticias\/wp-json\/wp\/v2\/posts\/27775","targetHints":{"allow":["GET"]}}],"collection":[{"href":"https:\/\/blogdorogeriogomes.com.br\/noticias\/wp-json\/wp\/v2\/posts"}],"about":[{"href":"https:\/\/blogdorogeriogomes.com.br\/noticias\/wp-json\/wp\/v2\/types\/post"}],"author":[{"embeddable":true,"href":"https:\/\/blogdorogeriogomes.com.br\/noticias\/wp-json\/wp\/v2\/users\/1"}],"replies":[{"embeddable":true,"href":"https:\/\/blogdorogeriogomes.com.br\/noticias\/wp-json\/wp\/v2\/comments?post=27775"}],"version-history":[{"count":1,"href":"https:\/\/blogdorogeriogomes.com.br\/noticias\/wp-json\/wp\/v2\/posts\/27775\/revisions"}],"predecessor-version":[{"id":27777,"href":"https:\/\/blogdorogeriogomes.com.br\/noticias\/wp-json\/wp\/v2\/posts\/27775\/revisions\/27777"}],"wp:featuredmedia":[{"embeddable":true,"href":"https:\/\/blogdorogeriogomes.com.br\/noticias\/wp-json\/wp\/v2\/media\/27776"}],"wp:attachment":[{"href":"https:\/\/blogdorogeriogomes.com.br\/noticias\/wp-json\/wp\/v2\/media?parent=27775"}],"wp:term":[{"taxonomy":"category","embeddable":true,"href":"https:\/\/blogdorogeriogomes.com.br\/noticias\/wp-json\/wp\/v2\/categories?post=27775"},{"taxonomy":"post_tag","embeddable":true,"href":"https:\/\/blogdorogeriogomes.com.br\/noticias\/wp-json\/wp\/v2\/tags?post=27775"}],"curies":[{"name":"wp","href":"https:\/\/api.w.org\/{rel}","templated":true}]}}