{"id":27781,"date":"2022-12-17T00:11:40","date_gmt":"2022-12-17T00:11:40","guid":{"rendered":"https:\/\/blogdorogeriogomes.com.br\/?p=27781"},"modified":"2022-12-19T12:02:18","modified_gmt":"2022-12-19T12:02:18","slug":"governadora-izolda-cela-e-homenageada-durante-almoco-na-fiec","status":"publish","type":"post","link":"https:\/\/blogdorogeriogomes.com.br\/noticias\/2022\/12\/governadora-izolda-cela-e-homenageada-durante-almoco-na-fiec\/","title":{"rendered":"Governadora Izolda Cela \u00e9 homenageada durante almo\u00e7o na Fiec"},"content":{"rendered":"\n<p>A governadora Izolda Cela, o governador eleito Elmano de Freitas e o senador eleito Camilo Santana foram recebidos por empres\u00e1rios cearenses para um almo\u00e7o nesta sexta-feira, dia 16 de dezembro, na Federa\u00e7\u00e3o das Ind\u00fastrias do Estado do Cear\u00e1 &#8211; Fiec. Izolda Cela foi homenageada pelo setor industrial.<br>O encontro com o empresariado cearense marca a despedida de Izolda Cela, que deixa o Governo do Estado no pr\u00f3ximo dia 1\u00b0 de janeiro. Para o presidente da Fiec, Ricardo Cavalcante, a parceria da ind\u00fastria com o Poder P\u00fablico tem trazido muitos ganhos para o Estado. Como \u00e9 o caso da produ\u00e7\u00e3o do hidrog\u00eanio verde.<br>O governador eleito Elmano de Freitas tamb\u00e9m participou do almo\u00e7o. Pela manh\u00e3, ele se encontrou com dirigentes do PDT. Elmano ainda avalia nomes para defini\u00e7\u00e3o do novo secretariado estadual.<\/p>\n\n\n\n<figure class=\"wp-block-image size-large\"><img loading=\"lazy\" decoding=\"async\" width=\"1024\" height=\"768\" src=\"https:\/\/blogdorogeriogomes.com.br\/wp-content\/uploads\/2022\/12\/IMG-20221216-WA0012-1024x768.jpg\" alt=\"\" class=\"wp-image-27782\" srcset=\"https:\/\/blogdorogeriogomes.com.br\/noticias\/wp-content\/uploads\/2022\/12\/IMG-20221216-WA0012-1024x768.jpg 1024w, https:\/\/blogdorogeriogomes.com.br\/noticias\/wp-content\/uploads\/2022\/12\/IMG-20221216-WA0012-300x225.jpg 300w, https:\/\/blogdorogeriogomes.com.br\/noticias\/wp-content\/uploads\/2022\/12\/IMG-20221216-WA0012-768x576.jpg 768w, https:\/\/blogdorogeriogomes.com.br\/noticias\/wp-content\/uploads\/2022\/12\/IMG-20221216-WA0012-1536x1152.jpg 1536w, https:\/\/blogdorogeriogomes.com.br\/noticias\/wp-content\/uploads\/2022\/12\/IMG-20221216-WA0012-800x600.jpg 800w, https:\/\/blogdorogeriogomes.com.br\/noticias\/wp-content\/uploads\/2022\/12\/IMG-20221216-WA0012-400x300.jpg 400w, https:\/\/blogdorogeriogomes.com.br\/noticias\/wp-content\/uploads\/2022\/12\/IMG-20221216-WA0012.jpg 1600w\" sizes=\"auto, (max-width: 1024px) 100vw, 1024px\" \/><\/figure>\n","protected":false},"excerpt":{"rendered":"<p>A governadora Izolda Cela, o governador eleito Elmano de Freitas e o senador eleito Camilo Santana foram recebidos por empres\u00e1rios cearenses para um almo\u00e7o nesta sexta-feira, dia 16 de dezembro, na Federa\u00e7\u00e3o das Ind\u00fastrias do Estado do Cear\u00e1 &#8211; Fiec. Izolda Cela foi homenageada pelo setor industrial.O encontro com o empresariado cearense marca a despedida de Izolda Cela, que deixa o Governo do Estado no pr\u00f3ximo dia 1\u00b0 de janeiro. Para o presidente da Fiec, Ricardo Cavalcante, a parceria&hellip;<\/p>\n","protected":false},"author":1,"featured_media":27782,"comment_status":"open","ping_status":"open","sticky":false,"template":"","format":"standard","meta":{"footnotes":""},"categories":[1],"tags":[],"class_list":["post-27781","post","type-post","status-publish","format-standard","has-post-thumbnail","hentry","category-noticias"],"_links":{"self":[{"href":"https:\/\/blogdorogeriogomes.com.br\/noticias\/wp-json\/wp\/v2\/posts\/27781","targetHints":{"allow":["GET"]}}],"collection":[{"href":"https:\/\/blogdorogeriogomes.com.br\/noticias\/wp-json\/wp\/v2\/posts"}],"about":[{"href":"https:\/\/blogdorogeriogomes.com.br\/noticias\/wp-json\/wp\/v2\/types\/post"}],"author":[{"embeddable":true,"href":"https:\/\/blogdorogeriogomes.com.br\/noticias\/wp-json\/wp\/v2\/users\/1"}],"replies":[{"embeddable":true,"href":"https:\/\/blogdorogeriogomes.com.br\/noticias\/wp-json\/wp\/v2\/comments?post=27781"}],"version-history":[{"count":1,"href":"https:\/\/blogdorogeriogomes.com.br\/noticias\/wp-json\/wp\/v2\/posts\/27781\/revisions"}],"predecessor-version":[{"id":27783,"href":"https:\/\/blogdorogeriogomes.com.br\/noticias\/wp-json\/wp\/v2\/posts\/27781\/revisions\/27783"}],"wp:featuredmedia":[{"embeddable":true,"href":"https:\/\/blogdorogeriogomes.com.br\/noticias\/wp-json\/wp\/v2\/media\/27782"}],"wp:attachment":[{"href":"https:\/\/blogdorogeriogomes.com.br\/noticias\/wp-json\/wp\/v2\/media?parent=27781"}],"wp:term":[{"taxonomy":"category","embeddable":true,"href":"https:\/\/blogdorogeriogomes.com.br\/noticias\/wp-json\/wp\/v2\/categories?post=27781"},{"taxonomy":"post_tag","embeddable":true,"href":"https:\/\/blogdorogeriogomes.com.br\/noticias\/wp-json\/wp\/v2\/tags?post=27781"}],"curies":[{"name":"wp","href":"https:\/\/api.w.org\/{rel}","templated":true}]}}