{"id":27784,"date":"2022-12-17T00:13:22","date_gmt":"2022-12-17T00:13:22","guid":{"rendered":"https:\/\/blogdorogeriogomes.com.br\/?p=27784"},"modified":"2022-12-19T12:02:11","modified_gmt":"2022-12-19T12:02:11","slug":"elmano-jade-camilo-e-deputados-federais-e-estaduais-do-ceara-sao-empossados-pelo-tre","status":"publish","type":"post","link":"https:\/\/blogdorogeriogomes.com.br\/noticias\/2022\/12\/elmano-jade-camilo-e-deputados-federais-e-estaduais-do-ceara-sao-empossados-pelo-tre\/","title":{"rendered":"Elmano, Jade, Camilo e deputados federais e estaduais do Cear\u00e1 s\u00e3o diplomados pelo TRE"},"content":{"rendered":"\n<p>O governador eleito do Cear\u00e1, Elmano de Freitas (PT), a vice-governadora eleita, Jade Romero (MDB), o senador eleito, Camilo Santana (PT) e 46 deputados estaduais e 22 federais&nbsp;do Cear\u00e1 receberam os diplomas de eleitos pelo Tribunal Regional Eleitoral (TRE), nesta sexta-feira, dia 16 de dezembro.<br>A solenidade de diploma\u00e7\u00e3o marca o fim do calend\u00e1rio eleitoral, pelo menos no sentido administrativo. Elmano de Freitas receber\u00e1 o cargo da atual governadora Izolda Cela no pr\u00f3ximo dia 1\u00b0 de janeiro de 2023, no Pal\u00e1cio da Aboli\u00e7\u00e3o.<br>O senador eleito Camilo Santana, os deputados federais e estaduais tomam posse em fevereiro quando o Congresso Nacional e Assembleia Legislativa retornam do recesso parlamentar.<\/p>\n\n\n\n<figure class=\"wp-block-image size-large\"><img loading=\"lazy\" decoding=\"async\" width=\"1024\" height=\"768\" src=\"https:\/\/blogdorogeriogomes.com.br\/wp-content\/uploads\/2022\/12\/IMG-20221216-WA0011-1024x768.jpg\" alt=\"\" class=\"wp-image-27785\" srcset=\"https:\/\/blogdorogeriogomes.com.br\/noticias\/wp-content\/uploads\/2022\/12\/IMG-20221216-WA0011-1024x768.jpg 1024w, https:\/\/blogdorogeriogomes.com.br\/noticias\/wp-content\/uploads\/2022\/12\/IMG-20221216-WA0011-300x225.jpg 300w, https:\/\/blogdorogeriogomes.com.br\/noticias\/wp-content\/uploads\/2022\/12\/IMG-20221216-WA0011-768x576.jpg 768w, https:\/\/blogdorogeriogomes.com.br\/noticias\/wp-content\/uploads\/2022\/12\/IMG-20221216-WA0011-1536x1152.jpg 1536w, https:\/\/blogdorogeriogomes.com.br\/noticias\/wp-content\/uploads\/2022\/12\/IMG-20221216-WA0011-800x600.jpg 800w, https:\/\/blogdorogeriogomes.com.br\/noticias\/wp-content\/uploads\/2022\/12\/IMG-20221216-WA0011-400x300.jpg 400w, https:\/\/blogdorogeriogomes.com.br\/noticias\/wp-content\/uploads\/2022\/12\/IMG-20221216-WA0011.jpg 1600w\" sizes=\"auto, (max-width: 1024px) 100vw, 1024px\" \/><\/figure>\n","protected":false},"excerpt":{"rendered":"<p>O governador eleito do Cear\u00e1, Elmano de Freitas (PT), a vice-governadora eleita, Jade Romero (MDB), o senador eleito, Camilo Santana (PT) e 46 deputados estaduais e 22 federais&nbsp;do Cear\u00e1 receberam os diplomas de eleitos pelo Tribunal Regional Eleitoral (TRE), nesta sexta-feira, dia 16 de dezembro.A solenidade de diploma\u00e7\u00e3o marca o fim do calend\u00e1rio eleitoral, pelo menos no sentido administrativo. Elmano de Freitas receber\u00e1 o cargo da atual governadora Izolda Cela no pr\u00f3ximo dia 1\u00b0 de janeiro de 2023, no&hellip;<\/p>\n","protected":false},"author":1,"featured_media":27785,"comment_status":"open","ping_status":"open","sticky":false,"template":"","format":"standard","meta":{"footnotes":""},"categories":[1],"tags":[],"class_list":["post-27784","post","type-post","status-publish","format-standard","has-post-thumbnail","hentry","category-noticias"],"_links":{"self":[{"href":"https:\/\/blogdorogeriogomes.com.br\/noticias\/wp-json\/wp\/v2\/posts\/27784","targetHints":{"allow":["GET"]}}],"collection":[{"href":"https:\/\/blogdorogeriogomes.com.br\/noticias\/wp-json\/wp\/v2\/posts"}],"about":[{"href":"https:\/\/blogdorogeriogomes.com.br\/noticias\/wp-json\/wp\/v2\/types\/post"}],"author":[{"embeddable":true,"href":"https:\/\/blogdorogeriogomes.com.br\/noticias\/wp-json\/wp\/v2\/users\/1"}],"replies":[{"embeddable":true,"href":"https:\/\/blogdorogeriogomes.com.br\/noticias\/wp-json\/wp\/v2\/comments?post=27784"}],"version-history":[{"count":2,"href":"https:\/\/blogdorogeriogomes.com.br\/noticias\/wp-json\/wp\/v2\/posts\/27784\/revisions"}],"predecessor-version":[{"id":27788,"href":"https:\/\/blogdorogeriogomes.com.br\/noticias\/wp-json\/wp\/v2\/posts\/27784\/revisions\/27788"}],"wp:featuredmedia":[{"embeddable":true,"href":"https:\/\/blogdorogeriogomes.com.br\/noticias\/wp-json\/wp\/v2\/media\/27785"}],"wp:attachment":[{"href":"https:\/\/blogdorogeriogomes.com.br\/noticias\/wp-json\/wp\/v2\/media?parent=27784"}],"wp:term":[{"taxonomy":"category","embeddable":true,"href":"https:\/\/blogdorogeriogomes.com.br\/noticias\/wp-json\/wp\/v2\/categories?post=27784"},{"taxonomy":"post_tag","embeddable":true,"href":"https:\/\/blogdorogeriogomes.com.br\/noticias\/wp-json\/wp\/v2\/tags?post=27784"}],"curies":[{"name":"wp","href":"https:\/\/api.w.org\/{rel}","templated":true}]}}