{"id":27792,"date":"2022-12-19T11:59:31","date_gmt":"2022-12-19T11:59:31","guid":{"rendered":"https:\/\/blogdorogeriogomes.com.br\/?p=27792"},"modified":"2022-12-19T12:02:44","modified_gmt":"2022-12-19T12:02:44","slug":"equipe-de-transicao-entrega-relatorio-a-elmano-de-freitas-que-pode-anunciar-novo-secretariado-estadual","status":"publish","type":"post","link":"https:\/\/blogdorogeriogomes.com.br\/noticias\/2022\/12\/equipe-de-transicao-entrega-relatorio-a-elmano-de-freitas-que-pode-anunciar-novo-secretariado-estadual\/","title":{"rendered":"Equipe de transi\u00e7\u00e3o entrega relat\u00f3rio a Elmano de Freitas, que pode anunciar novo secretariado estadual"},"content":{"rendered":"\n<p>O governador eleito do Cear\u00e1, Elmano de Freitas (PT), recebe nesta segunda-feira, dia 19 de dezembro, o relat\u00f3rio das atividades realizadas pela equipe de transi\u00e7\u00e3o de governo. \u00c9 um diagn\u00f3stico da situa\u00e7\u00e3o financeira do Estado e tamb\u00e9m de obras e investimentos que est\u00e3o em andamento. A entrega ser\u00e1 feita pelo coordenador dos trabalhos, o ex-deputado estadual Eudoro Santana.<br>A expectativa \u00e9 que Elmano de Freitas tamb\u00e9m anuncie parte do secretariado estadual nesta segunda-feira. O governador eleito tem aguardado defini\u00e7\u00f5es no Minist\u00e9rio de Lula para definir os nomes dos secret\u00e1rios que v\u00e3o atuar a partir de 1\u00b0 de janeiro de 2023.<\/p>\n\n\n\n\n\n\n\n\n\n\n\n<figure class=\"wp-block-image size-full\"><img loading=\"lazy\" decoding=\"async\" width=\"680\" height=\"451\" src=\"https:\/\/blogdorogeriogomes.com.br\/wp-content\/uploads\/2022\/12\/IMG-20221219-WA0000.jpg\" alt=\"\" class=\"wp-image-27793\" srcset=\"https:\/\/blogdorogeriogomes.com.br\/noticias\/wp-content\/uploads\/2022\/12\/IMG-20221219-WA0000.jpg 680w, https:\/\/blogdorogeriogomes.com.br\/noticias\/wp-content\/uploads\/2022\/12\/IMG-20221219-WA0000-300x199.jpg 300w\" sizes=\"auto, (max-width: 680px) 100vw, 680px\" \/><\/figure>\n","protected":false},"excerpt":{"rendered":"<p>O governador eleito do Cear\u00e1, Elmano de Freitas (PT), recebe nesta segunda-feira, dia 19 de dezembro, o relat\u00f3rio das atividades realizadas pela equipe de transi\u00e7\u00e3o de governo. \u00c9 um diagn\u00f3stico da situa\u00e7\u00e3o financeira do Estado e tamb\u00e9m de obras e investimentos que est\u00e3o em andamento. A entrega ser\u00e1 feita pelo coordenador dos trabalhos, o ex-deputado estadual Eudoro Santana.A expectativa \u00e9 que Elmano de Freitas tamb\u00e9m anuncie parte do secretariado estadual nesta segunda-feira. O governador eleito tem aguardado defini\u00e7\u00f5es no&hellip;<\/p>\n","protected":false},"author":1,"featured_media":27793,"comment_status":"open","ping_status":"open","sticky":false,"template":"","format":"standard","meta":{"footnotes":""},"categories":[1],"tags":[],"class_list":["post-27792","post","type-post","status-publish","format-standard","has-post-thumbnail","hentry","category-noticias"],"_links":{"self":[{"href":"https:\/\/blogdorogeriogomes.com.br\/noticias\/wp-json\/wp\/v2\/posts\/27792","targetHints":{"allow":["GET"]}}],"collection":[{"href":"https:\/\/blogdorogeriogomes.com.br\/noticias\/wp-json\/wp\/v2\/posts"}],"about":[{"href":"https:\/\/blogdorogeriogomes.com.br\/noticias\/wp-json\/wp\/v2\/types\/post"}],"author":[{"embeddable":true,"href":"https:\/\/blogdorogeriogomes.com.br\/noticias\/wp-json\/wp\/v2\/users\/1"}],"replies":[{"embeddable":true,"href":"https:\/\/blogdorogeriogomes.com.br\/noticias\/wp-json\/wp\/v2\/comments?post=27792"}],"version-history":[{"count":1,"href":"https:\/\/blogdorogeriogomes.com.br\/noticias\/wp-json\/wp\/v2\/posts\/27792\/revisions"}],"predecessor-version":[{"id":27794,"href":"https:\/\/blogdorogeriogomes.com.br\/noticias\/wp-json\/wp\/v2\/posts\/27792\/revisions\/27794"}],"wp:featuredmedia":[{"embeddable":true,"href":"https:\/\/blogdorogeriogomes.com.br\/noticias\/wp-json\/wp\/v2\/media\/27793"}],"wp:attachment":[{"href":"https:\/\/blogdorogeriogomes.com.br\/noticias\/wp-json\/wp\/v2\/media?parent=27792"}],"wp:term":[{"taxonomy":"category","embeddable":true,"href":"https:\/\/blogdorogeriogomes.com.br\/noticias\/wp-json\/wp\/v2\/categories?post=27792"},{"taxonomy":"post_tag","embeddable":true,"href":"https:\/\/blogdorogeriogomes.com.br\/noticias\/wp-json\/wp\/v2\/tags?post=27792"}],"curies":[{"name":"wp","href":"https:\/\/api.w.org\/{rel}","templated":true}]}}