{"id":27798,"date":"2022-12-20T01:04:30","date_gmt":"2022-12-20T01:04:30","guid":{"rendered":"https:\/\/blogdorogeriogomes.com.br\/?p=27798"},"modified":"2022-12-22T00:51:39","modified_gmt":"2022-12-22T00:51:39","slug":"barra-do-ceara-recebera-novo-empreendimento-da-mrv-porto-das-mares","status":"publish","type":"post","link":"https:\/\/blogdorogeriogomes.com.br\/noticias\/2022\/12\/barra-do-ceara-recebera-novo-empreendimento-da-mrv-porto-das-mares\/","title":{"rendered":"Barra do Cear\u00e1 receber\u00e1 novo empreendimento da MRV: Porto das Mar\u00e9s"},"content":{"rendered":"\n<p>A construtora MRV lan\u00e7ou o empreendimento  Porto das Mar\u00e9s, encerrando as a\u00e7\u00f5es previstas para Fortaleza no ano de 2022. O novo empreendimento ser\u00e1 o primeiro erguido na Barra do Cear\u00e1 e est\u00e1 localizado na Av. Vinte de Janeiro, 470.<\/p>\n\n\n\n<p>Alessandro Almeida, Diretor Regional Comercial da MRV, destaca que o projeto acompanha o conceito de grandes capitais mundiais, buscando estimular a conviv\u00eancia entre as pessoas para a melhoria da qualidade de vida. \u201cProcuramos elaborar projetos bem localizados com infraestrutura diferenciada que garanta mobilidade urbana, conforto e seguran\u00e7a para a fam\u00edlia. A pandemia trouxe um novo entendimento de im\u00f3vel para moradia. As pessoas querem conforto e seguran\u00e7a e isso vai ao encontro com o nosso posicionamento: proporcionar qualidade de vida tanto para os nossos clientes, quanto para moradores da regi\u00e3o\u201d, ressalta Alessandro Almeida.<\/p>\n\n\n\n<p>O Porto das Mar\u00e9s contar\u00e1 com 576 unidades, 12 apartamentos por pavimento, 4 elevadores por torre, 1 vaga de garagem por apartamento e lazer completo.<\/p>\n\n\n\n<figure class=\"wp-block-image size-large\"><img loading=\"lazy\" decoding=\"async\" width=\"1024\" height=\"682\" src=\"https:\/\/blogdorogeriogomes.com.br\/wp-content\/uploads\/2022\/12\/IMG-20221219-WA0008-1024x682.jpg\" alt=\"\" class=\"wp-image-27799\" srcset=\"https:\/\/blogdorogeriogomes.com.br\/noticias\/wp-content\/uploads\/2022\/12\/IMG-20221219-WA0008-1024x682.jpg 1024w, https:\/\/blogdorogeriogomes.com.br\/noticias\/wp-content\/uploads\/2022\/12\/IMG-20221219-WA0008-300x200.jpg 300w, https:\/\/blogdorogeriogomes.com.br\/noticias\/wp-content\/uploads\/2022\/12\/IMG-20221219-WA0008-768x512.jpg 768w, https:\/\/blogdorogeriogomes.com.br\/noticias\/wp-content\/uploads\/2022\/12\/IMG-20221219-WA0008-800x533.jpg 800w, https:\/\/blogdorogeriogomes.com.br\/noticias\/wp-content\/uploads\/2022\/12\/IMG-20221219-WA0008.jpg 1280w\" sizes=\"auto, (max-width: 1024px) 100vw, 1024px\" \/><\/figure>\n","protected":false},"excerpt":{"rendered":"<p>A construtora MRV lan\u00e7ou o empreendimento Porto das Mar\u00e9s, encerrando as a\u00e7\u00f5es previstas para Fortaleza no ano de 2022. O novo empreendimento ser\u00e1 o primeiro erguido na Barra do Cear\u00e1 e est\u00e1 localizado na Av. Vinte de Janeiro, 470. Alessandro Almeida, Diretor Regional Comercial da MRV, destaca que o projeto acompanha o conceito de grandes capitais mundiais, buscando estimular a conviv\u00eancia entre as pessoas para a melhoria da qualidade de vida. \u201cProcuramos elaborar projetos bem localizados com infraestrutura diferenciada&hellip;<\/p>\n","protected":false},"author":1,"featured_media":27799,"comment_status":"open","ping_status":"open","sticky":false,"template":"","format":"standard","meta":{"footnotes":""},"categories":[1],"tags":[],"class_list":["post-27798","post","type-post","status-publish","format-standard","has-post-thumbnail","hentry","category-noticias"],"_links":{"self":[{"href":"https:\/\/blogdorogeriogomes.com.br\/noticias\/wp-json\/wp\/v2\/posts\/27798","targetHints":{"allow":["GET"]}}],"collection":[{"href":"https:\/\/blogdorogeriogomes.com.br\/noticias\/wp-json\/wp\/v2\/posts"}],"about":[{"href":"https:\/\/blogdorogeriogomes.com.br\/noticias\/wp-json\/wp\/v2\/types\/post"}],"author":[{"embeddable":true,"href":"https:\/\/blogdorogeriogomes.com.br\/noticias\/wp-json\/wp\/v2\/users\/1"}],"replies":[{"embeddable":true,"href":"https:\/\/blogdorogeriogomes.com.br\/noticias\/wp-json\/wp\/v2\/comments?post=27798"}],"version-history":[{"count":1,"href":"https:\/\/blogdorogeriogomes.com.br\/noticias\/wp-json\/wp\/v2\/posts\/27798\/revisions"}],"predecessor-version":[{"id":27800,"href":"https:\/\/blogdorogeriogomes.com.br\/noticias\/wp-json\/wp\/v2\/posts\/27798\/revisions\/27800"}],"wp:featuredmedia":[{"embeddable":true,"href":"https:\/\/blogdorogeriogomes.com.br\/noticias\/wp-json\/wp\/v2\/media\/27799"}],"wp:attachment":[{"href":"https:\/\/blogdorogeriogomes.com.br\/noticias\/wp-json\/wp\/v2\/media?parent=27798"}],"wp:term":[{"taxonomy":"category","embeddable":true,"href":"https:\/\/blogdorogeriogomes.com.br\/noticias\/wp-json\/wp\/v2\/categories?post=27798"},{"taxonomy":"post_tag","embeddable":true,"href":"https:\/\/blogdorogeriogomes.com.br\/noticias\/wp-json\/wp\/v2\/tags?post=27798"}],"curies":[{"name":"wp","href":"https:\/\/api.w.org\/{rel}","templated":true}]}}