{"id":27804,"date":"2022-12-20T01:11:23","date_gmt":"2022-12-20T01:11:23","guid":{"rendered":"https:\/\/blogdorogeriogomes.com.br\/?p=27804"},"modified":"2022-12-22T00:51:25","modified_gmt":"2022-12-22T00:51:25","slug":"elmano-de-freitas-recebe-relatorio-promete-reforma-administrativa-e-deve-anunciar-secretariado-ate-sexta-feira","status":"publish","type":"post","link":"https:\/\/blogdorogeriogomes.com.br\/noticias\/2022\/12\/elmano-de-freitas-recebe-relatorio-promete-reforma-administrativa-e-deve-anunciar-secretariado-ate-sexta-feira\/","title":{"rendered":"Elmano de Freitas recebe relat\u00f3rio, promete reforma administrativa e deve anunciar secretariado at\u00e9 sexta-feira"},"content":{"rendered":"\n<p>O governador eleito do Cear\u00e1, Elmano de Freitas (PT), j\u00e1 est\u00e1 de posse do relat\u00f3rio feito pela equipe de transi\u00e7\u00e3o de governo. Ele anunciou nesta segunda-feira, dia 19 de dezembro, que pretende convocar os deputados estaduais no in\u00edcio de 2023 para aprovar uma reforma administrativa. A nova estrutura de secretarias estaduais deve espelhar o quadro de minist\u00e9rios do Governo Federal. A meta do novo governador \u00e9 anunciar os primeiros nomes do secretariado estadual at\u00e9 a pr\u00f3xima sexta-feira, dia 23 de dezembro. O PDT dever\u00e1 ter nomes indicados na equipe do novo governo, conforme conversas feitas com dirigentes pedetistas.<br>Ainda nesta segunda-feira, Elmano viajou a Bras\u00edlia acompanhado do senador eleito Camilo Santana (PT) para um encontro com o presidente eleito Lula (PT). O objetivo da reuni\u00e3o \u00e9 definir a situa\u00e7\u00e3o de Camilo, que deve ser nomeado Ministro da Educa\u00e7\u00e3o. A atual governadora Izolda Cela \u00e9 apontada como futura secret\u00e1ria nacional de Educa\u00e7\u00e3o B\u00e1sica.<\/p>\n\n\n\n<figure class=\"wp-block-image size-large\"><img loading=\"lazy\" decoding=\"async\" width=\"1024\" height=\"710\" src=\"https:\/\/blogdorogeriogomes.com.br\/wp-content\/uploads\/2022\/12\/IMG-20221219-WA0005-1024x710.jpg\" alt=\"\" class=\"wp-image-27805\" srcset=\"https:\/\/blogdorogeriogomes.com.br\/noticias\/wp-content\/uploads\/2022\/12\/IMG-20221219-WA0005-1024x710.jpg 1024w, https:\/\/blogdorogeriogomes.com.br\/noticias\/wp-content\/uploads\/2022\/12\/IMG-20221219-WA0005-300x208.jpg 300w, https:\/\/blogdorogeriogomes.com.br\/noticias\/wp-content\/uploads\/2022\/12\/IMG-20221219-WA0005-768x533.jpg 768w, https:\/\/blogdorogeriogomes.com.br\/noticias\/wp-content\/uploads\/2022\/12\/IMG-20221219-WA0005-800x555.jpg 800w, https:\/\/blogdorogeriogomes.com.br\/noticias\/wp-content\/uploads\/2022\/12\/IMG-20221219-WA0005.jpg 1080w\" sizes=\"auto, (max-width: 1024px) 100vw, 1024px\" \/><\/figure>\n","protected":false},"excerpt":{"rendered":"<p>O governador eleito do Cear\u00e1, Elmano de Freitas (PT), j\u00e1 est\u00e1 de posse do relat\u00f3rio feito pela equipe de transi\u00e7\u00e3o de governo. Ele anunciou nesta segunda-feira, dia 19 de dezembro, que pretende convocar os deputados estaduais no in\u00edcio de 2023 para aprovar uma reforma administrativa. A nova estrutura de secretarias estaduais deve espelhar o quadro de minist\u00e9rios do Governo Federal. A meta do novo governador \u00e9 anunciar os primeiros nomes do secretariado estadual at\u00e9 a pr\u00f3xima sexta-feira, dia 23&hellip;<\/p>\n","protected":false},"author":1,"featured_media":27805,"comment_status":"open","ping_status":"open","sticky":false,"template":"","format":"standard","meta":{"footnotes":""},"categories":[1],"tags":[],"class_list":["post-27804","post","type-post","status-publish","format-standard","has-post-thumbnail","hentry","category-noticias"],"_links":{"self":[{"href":"https:\/\/blogdorogeriogomes.com.br\/noticias\/wp-json\/wp\/v2\/posts\/27804","targetHints":{"allow":["GET"]}}],"collection":[{"href":"https:\/\/blogdorogeriogomes.com.br\/noticias\/wp-json\/wp\/v2\/posts"}],"about":[{"href":"https:\/\/blogdorogeriogomes.com.br\/noticias\/wp-json\/wp\/v2\/types\/post"}],"author":[{"embeddable":true,"href":"https:\/\/blogdorogeriogomes.com.br\/noticias\/wp-json\/wp\/v2\/users\/1"}],"replies":[{"embeddable":true,"href":"https:\/\/blogdorogeriogomes.com.br\/noticias\/wp-json\/wp\/v2\/comments?post=27804"}],"version-history":[{"count":1,"href":"https:\/\/blogdorogeriogomes.com.br\/noticias\/wp-json\/wp\/v2\/posts\/27804\/revisions"}],"predecessor-version":[{"id":27806,"href":"https:\/\/blogdorogeriogomes.com.br\/noticias\/wp-json\/wp\/v2\/posts\/27804\/revisions\/27806"}],"wp:featuredmedia":[{"embeddable":true,"href":"https:\/\/blogdorogeriogomes.com.br\/noticias\/wp-json\/wp\/v2\/media\/27805"}],"wp:attachment":[{"href":"https:\/\/blogdorogeriogomes.com.br\/noticias\/wp-json\/wp\/v2\/media?parent=27804"}],"wp:term":[{"taxonomy":"category","embeddable":true,"href":"https:\/\/blogdorogeriogomes.com.br\/noticias\/wp-json\/wp\/v2\/categories?post=27804"},{"taxonomy":"post_tag","embeddable":true,"href":"https:\/\/blogdorogeriogomes.com.br\/noticias\/wp-json\/wp\/v2\/tags?post=27804"}],"curies":[{"name":"wp","href":"https:\/\/api.w.org\/{rel}","templated":true}]}}