{"id":27807,"date":"2022-12-20T11:38:54","date_gmt":"2022-12-20T11:38:54","guid":{"rendered":"https:\/\/blogdorogeriogomes.com.br\/?p=27807"},"modified":"2022-12-22T00:51:16","modified_gmt":"2022-12-22T00:51:16","slug":"categorias-de-medicos-enfermeiros-e-dentistas-tentam-audiencia-com-jose-sarto-para-regularizar-jornada-de-trabalho","status":"publish","type":"post","link":"https:\/\/blogdorogeriogomes.com.br\/noticias\/2022\/12\/categorias-de-medicos-enfermeiros-e-dentistas-tentam-audiencia-com-jose-sarto-para-regularizar-jornada-de-trabalho\/","title":{"rendered":"Categorias de m\u00e9dicos, enfermeiros e dentistas tentam audi\u00eancia com Jos\u00e9 Sarto para regularizar jornada de trabalho"},"content":{"rendered":"\n<p>Os Sindicatos dos M\u00e9dicos, Enfermeiros e Dentistas mant\u00eam uma mobiliza\u00e7\u00e3o em busca de uma audi\u00eancia com o prefeito de Fortaleza, Jos\u00e9 Sarto. As tr\u00eas categorias querem a regulariza\u00e7\u00e3o da jornada de trabalho no \u00e2mbito da rede de sa\u00fade municipal.<br>Os trabalhadores j\u00e1 realizaram protestos em frente ao Pa\u00e7o Municipal, no Centro de Fortaleza, e amea\u00e7am at\u00e9 uma paralisa\u00e7\u00e3o caso as negocia\u00e7\u00f5es n\u00e3o avancem com a Prefeitura.<\/p>\n\n\n\n<figure class=\"wp-block-image size-full\"><img loading=\"lazy\" decoding=\"async\" width=\"751\" height=\"710\" src=\"https:\/\/blogdorogeriogomes.com.br\/wp-content\/uploads\/2022\/12\/IMG-20221219-WA0007.jpg\" alt=\"\" class=\"wp-image-27808\" srcset=\"https:\/\/blogdorogeriogomes.com.br\/noticias\/wp-content\/uploads\/2022\/12\/IMG-20221219-WA0007.jpg 751w, https:\/\/blogdorogeriogomes.com.br\/noticias\/wp-content\/uploads\/2022\/12\/IMG-20221219-WA0007-300x284.jpg 300w\" sizes=\"auto, (max-width: 751px) 100vw, 751px\" \/><\/figure>\n","protected":false},"excerpt":{"rendered":"<p>Os Sindicatos dos M\u00e9dicos, Enfermeiros e Dentistas mant\u00eam uma mobiliza\u00e7\u00e3o em busca de uma audi\u00eancia com o prefeito de Fortaleza, Jos\u00e9 Sarto. As tr\u00eas categorias querem a regulariza\u00e7\u00e3o da jornada de trabalho no \u00e2mbito da rede de sa\u00fade municipal.Os trabalhadores j\u00e1 realizaram protestos em frente ao Pa\u00e7o Municipal, no Centro de Fortaleza, e amea\u00e7am at\u00e9 uma paralisa\u00e7\u00e3o caso as negocia\u00e7\u00f5es n\u00e3o avancem com a Prefeitura.<\/p>\n","protected":false},"author":1,"featured_media":27808,"comment_status":"open","ping_status":"open","sticky":false,"template":"","format":"standard","meta":{"footnotes":""},"categories":[1],"tags":[],"class_list":["post-27807","post","type-post","status-publish","format-standard","has-post-thumbnail","hentry","category-noticias"],"_links":{"self":[{"href":"https:\/\/blogdorogeriogomes.com.br\/noticias\/wp-json\/wp\/v2\/posts\/27807","targetHints":{"allow":["GET"]}}],"collection":[{"href":"https:\/\/blogdorogeriogomes.com.br\/noticias\/wp-json\/wp\/v2\/posts"}],"about":[{"href":"https:\/\/blogdorogeriogomes.com.br\/noticias\/wp-json\/wp\/v2\/types\/post"}],"author":[{"embeddable":true,"href":"https:\/\/blogdorogeriogomes.com.br\/noticias\/wp-json\/wp\/v2\/users\/1"}],"replies":[{"embeddable":true,"href":"https:\/\/blogdorogeriogomes.com.br\/noticias\/wp-json\/wp\/v2\/comments?post=27807"}],"version-history":[{"count":1,"href":"https:\/\/blogdorogeriogomes.com.br\/noticias\/wp-json\/wp\/v2\/posts\/27807\/revisions"}],"predecessor-version":[{"id":27809,"href":"https:\/\/blogdorogeriogomes.com.br\/noticias\/wp-json\/wp\/v2\/posts\/27807\/revisions\/27809"}],"wp:featuredmedia":[{"embeddable":true,"href":"https:\/\/blogdorogeriogomes.com.br\/noticias\/wp-json\/wp\/v2\/media\/27808"}],"wp:attachment":[{"href":"https:\/\/blogdorogeriogomes.com.br\/noticias\/wp-json\/wp\/v2\/media?parent=27807"}],"wp:term":[{"taxonomy":"category","embeddable":true,"href":"https:\/\/blogdorogeriogomes.com.br\/noticias\/wp-json\/wp\/v2\/categories?post=27807"},{"taxonomy":"post_tag","embeddable":true,"href":"https:\/\/blogdorogeriogomes.com.br\/noticias\/wp-json\/wp\/v2\/tags?post=27807"}],"curies":[{"name":"wp","href":"https:\/\/api.w.org\/{rel}","templated":true}]}}