{"id":27816,"date":"2022-12-21T01:21:09","date_gmt":"2022-12-21T01:21:09","guid":{"rendered":"https:\/\/blogdorogeriogomes.com.br\/?p=27816"},"modified":"2022-12-22T00:50:57","modified_gmt":"2022-12-22T00:50:57","slug":"camara-municipal-aprova-taxa-do-lixo-em-votacao-apertada-oposicao-vai-recorrer-a-justica","status":"publish","type":"post","link":"https:\/\/blogdorogeriogomes.com.br\/noticias\/2022\/12\/camara-municipal-aprova-taxa-do-lixo-em-votacao-apertada-oposicao-vai-recorrer-a-justica\/","title":{"rendered":"C\u00e2mara Municipal aprova taxa do lixo em vota\u00e7\u00e3o apertada. Oposi\u00e7\u00e3o vai recorrer \u00e0 Justi\u00e7a"},"content":{"rendered":"\n<p>Em vota\u00e7\u00e3o apertada com 20 votos a favor, 18 contra e duas absten\u00e7\u00f5es, a C\u00e2mara Municipal de Fortaleza aprovou na noite desta ter\u00e7a-feira, dia 20 de dezembro, a taxa de lixo proposta pela Prefeitura de Fortaleza. Dos 43 vereadores da Capital, tr\u00eas n\u00e3o votaram.<br>O dia foi de muitas articula\u00e7\u00f5es da base do prefeito Jos\u00e9 Sarto para aprovar a mat\u00e9ria. Nas galerias do plen\u00e1rio da C\u00e2mara, manifestantes pressionaram os vereadores para votar contra a proposta, que vai cobrar valores que variam entre R$ 21,50 a R$ 133,23 por m\u00eas do fortalezense.<br>Em meio a vota\u00e7\u00e3o do projeto, a oposi\u00e7\u00e3o se retirou do plen\u00e1rio em protesto e n\u00e3o houve votos para aprovar aumento de isen\u00e7\u00f5es, que dispensariam parte da popula\u00e7\u00e3o da cobran\u00e7a. O prefeito Jos\u00e9 Sarto confirmou que j\u00e1 enviou nova proposta \u00e0 C\u00e2mara Municipal aumentando o percentual de isen\u00e7\u00f5es de 30% para 70% dos im\u00f3veis na Capital.<br>Vereadores de oposi\u00e7\u00e3o j\u00e1 confirmam que v\u00e3o \u00e0 Justi\u00e7a para barrar a cria\u00e7\u00e3o do novo imposto. O argumento \u00e9 que a Prefeitura j\u00e1 disp\u00f5e do recurso destinado \u00e0 coleta dos res\u00edduos s\u00f3lidos em Fortaleza.<\/p>\n\n\n\n<figure class=\"wp-block-image size-large\"><img loading=\"lazy\" decoding=\"async\" width=\"576\" height=\"1024\" src=\"https:\/\/blogdorogeriogomes.com.br\/wp-content\/uploads\/2022\/12\/IMG-20221220-WA0004-576x1024.jpg\" alt=\"\" class=\"wp-image-27817\" srcset=\"https:\/\/blogdorogeriogomes.com.br\/noticias\/wp-content\/uploads\/2022\/12\/IMG-20221220-WA0004-576x1024.jpg 576w, https:\/\/blogdorogeriogomes.com.br\/noticias\/wp-content\/uploads\/2022\/12\/IMG-20221220-WA0004-169x300.jpg 169w, https:\/\/blogdorogeriogomes.com.br\/noticias\/wp-content\/uploads\/2022\/12\/IMG-20221220-WA0004-768x1365.jpg 768w, https:\/\/blogdorogeriogomes.com.br\/noticias\/wp-content\/uploads\/2022\/12\/IMG-20221220-WA0004-864x1536.jpg 864w, https:\/\/blogdorogeriogomes.com.br\/noticias\/wp-content\/uploads\/2022\/12\/IMG-20221220-WA0004-800x1422.jpg 800w, https:\/\/blogdorogeriogomes.com.br\/noticias\/wp-content\/uploads\/2022\/12\/IMG-20221220-WA0004.jpg 900w\" sizes=\"auto, (max-width: 576px) 100vw, 576px\" \/><\/figure>\n","protected":false},"excerpt":{"rendered":"<p>Em vota\u00e7\u00e3o apertada com 20 votos a favor, 18 contra e duas absten\u00e7\u00f5es, a C\u00e2mara Municipal de Fortaleza aprovou na noite desta ter\u00e7a-feira, dia 20 de dezembro, a taxa de lixo proposta pela Prefeitura de Fortaleza. Dos 43 vereadores da Capital, tr\u00eas n\u00e3o votaram.O dia foi de muitas articula\u00e7\u00f5es da base do prefeito Jos\u00e9 Sarto para aprovar a mat\u00e9ria. Nas galerias do plen\u00e1rio da C\u00e2mara, manifestantes pressionaram os vereadores para votar contra a proposta, que vai cobrar valores que&hellip;<\/p>\n","protected":false},"author":1,"featured_media":27817,"comment_status":"open","ping_status":"open","sticky":false,"template":"","format":"standard","meta":{"footnotes":""},"categories":[1],"tags":[],"class_list":["post-27816","post","type-post","status-publish","format-standard","has-post-thumbnail","hentry","category-noticias"],"_links":{"self":[{"href":"https:\/\/blogdorogeriogomes.com.br\/noticias\/wp-json\/wp\/v2\/posts\/27816","targetHints":{"allow":["GET"]}}],"collection":[{"href":"https:\/\/blogdorogeriogomes.com.br\/noticias\/wp-json\/wp\/v2\/posts"}],"about":[{"href":"https:\/\/blogdorogeriogomes.com.br\/noticias\/wp-json\/wp\/v2\/types\/post"}],"author":[{"embeddable":true,"href":"https:\/\/blogdorogeriogomes.com.br\/noticias\/wp-json\/wp\/v2\/users\/1"}],"replies":[{"embeddable":true,"href":"https:\/\/blogdorogeriogomes.com.br\/noticias\/wp-json\/wp\/v2\/comments?post=27816"}],"version-history":[{"count":1,"href":"https:\/\/blogdorogeriogomes.com.br\/noticias\/wp-json\/wp\/v2\/posts\/27816\/revisions"}],"predecessor-version":[{"id":27818,"href":"https:\/\/blogdorogeriogomes.com.br\/noticias\/wp-json\/wp\/v2\/posts\/27816\/revisions\/27818"}],"wp:featuredmedia":[{"embeddable":true,"href":"https:\/\/blogdorogeriogomes.com.br\/noticias\/wp-json\/wp\/v2\/media\/27817"}],"wp:attachment":[{"href":"https:\/\/blogdorogeriogomes.com.br\/noticias\/wp-json\/wp\/v2\/media?parent=27816"}],"wp:term":[{"taxonomy":"category","embeddable":true,"href":"https:\/\/blogdorogeriogomes.com.br\/noticias\/wp-json\/wp\/v2\/categories?post=27816"},{"taxonomy":"post_tag","embeddable":true,"href":"https:\/\/blogdorogeriogomes.com.br\/noticias\/wp-json\/wp\/v2\/tags?post=27816"}],"curies":[{"name":"wp","href":"https:\/\/api.w.org\/{rel}","templated":true}]}}