{"id":27819,"date":"2022-12-21T01:24:00","date_gmt":"2022-12-21T01:24:00","guid":{"rendered":"https:\/\/blogdorogeriogomes.com.br\/?p=27819"},"modified":"2022-12-22T00:50:50","modified_gmt":"2022-12-22T00:50:50","slug":"assembleia-legislativa-aprova-orcamento-estadual-2023-e-evandro-leitao-deve-buscar-reeleicao-para-presidencia","status":"publish","type":"post","link":"https:\/\/blogdorogeriogomes.com.br\/noticias\/2022\/12\/assembleia-legislativa-aprova-orcamento-estadual-2023-e-evandro-leitao-deve-buscar-reeleicao-para-presidencia\/","title":{"rendered":"Assembleia Legislativa aprova or\u00e7amento estadual 2023 e Evandro Leit\u00e3o deve buscar reelei\u00e7\u00e3o para presid\u00eancia"},"content":{"rendered":"\n<p>A Assembleia Legislativa do Cear\u00e1 encerrou os trabalhos do segundo semestre nesta ter\u00e7a-feira, dia 20 de dezembro. O presidente da Casa, deputado estadual Evandro Leit\u00e3o (PDT), fez um balan\u00e7o do ano e dever\u00e1 ser candidato \u00e0 reelei\u00e7\u00e3o na Presid\u00eancia da AL em fevereiro do pr\u00f3ximo ano, quando os parlamentares voltam do recesso. Ser\u00e1 o momento tamb\u00e9m que os deputados estaduais que foram eleitos em outubro passado v\u00e3o tomar posse. Evandro contar\u00e1 com o apoio da base de apoio do senador eleito Camilo Santana (PT) e do governador eleito Elmano de Freitas (PT).<br>Durante o dia, os deputados aprovaram a proposta or\u00e7ament\u00e1ria para o pr\u00f3ximo ano, estimada em R$ 36,4 bilh\u00f5es. Ser\u00e3o os recursos para o primeiro ano da gest\u00e3o do novo governador Elmano de Freitas. A mat\u00e9ria foi aprovada com 927 emendas de parlamentares.<\/p>\n\n\n\n<figure class=\"wp-block-image size-large\"><img loading=\"lazy\" decoding=\"async\" width=\"1024\" height=\"682\" src=\"https:\/\/blogdorogeriogomes.com.br\/wp-content\/uploads\/2022\/12\/IMG-20221220-WA0003-1024x682.jpg\" alt=\"\" class=\"wp-image-27820\" srcset=\"https:\/\/blogdorogeriogomes.com.br\/noticias\/wp-content\/uploads\/2022\/12\/IMG-20221220-WA0003-1024x682.jpg 1024w, https:\/\/blogdorogeriogomes.com.br\/noticias\/wp-content\/uploads\/2022\/12\/IMG-20221220-WA0003-300x200.jpg 300w, https:\/\/blogdorogeriogomes.com.br\/noticias\/wp-content\/uploads\/2022\/12\/IMG-20221220-WA0003-768x512.jpg 768w, https:\/\/blogdorogeriogomes.com.br\/noticias\/wp-content\/uploads\/2022\/12\/IMG-20221220-WA0003-1536x1023.jpg 1536w, https:\/\/blogdorogeriogomes.com.br\/noticias\/wp-content\/uploads\/2022\/12\/IMG-20221220-WA0003-800x533.jpg 800w, https:\/\/blogdorogeriogomes.com.br\/noticias\/wp-content\/uploads\/2022\/12\/IMG-20221220-WA0003.jpg 1600w\" sizes=\"auto, (max-width: 1024px) 100vw, 1024px\" \/><\/figure>\n","protected":false},"excerpt":{"rendered":"<p>A Assembleia Legislativa do Cear\u00e1 encerrou os trabalhos do segundo semestre nesta ter\u00e7a-feira, dia 20 de dezembro. O presidente da Casa, deputado estadual Evandro Leit\u00e3o (PDT), fez um balan\u00e7o do ano e dever\u00e1 ser candidato \u00e0 reelei\u00e7\u00e3o na Presid\u00eancia da AL em fevereiro do pr\u00f3ximo ano, quando os parlamentares voltam do recesso. Ser\u00e1 o momento tamb\u00e9m que os deputados estaduais que foram eleitos em outubro passado v\u00e3o tomar posse. Evandro contar\u00e1 com o apoio da base de apoio do&hellip;<\/p>\n","protected":false},"author":1,"featured_media":27820,"comment_status":"open","ping_status":"open","sticky":false,"template":"","format":"standard","meta":{"footnotes":""},"categories":[1],"tags":[],"class_list":["post-27819","post","type-post","status-publish","format-standard","has-post-thumbnail","hentry","category-noticias"],"_links":{"self":[{"href":"https:\/\/blogdorogeriogomes.com.br\/noticias\/wp-json\/wp\/v2\/posts\/27819","targetHints":{"allow":["GET"]}}],"collection":[{"href":"https:\/\/blogdorogeriogomes.com.br\/noticias\/wp-json\/wp\/v2\/posts"}],"about":[{"href":"https:\/\/blogdorogeriogomes.com.br\/noticias\/wp-json\/wp\/v2\/types\/post"}],"author":[{"embeddable":true,"href":"https:\/\/blogdorogeriogomes.com.br\/noticias\/wp-json\/wp\/v2\/users\/1"}],"replies":[{"embeddable":true,"href":"https:\/\/blogdorogeriogomes.com.br\/noticias\/wp-json\/wp\/v2\/comments?post=27819"}],"version-history":[{"count":1,"href":"https:\/\/blogdorogeriogomes.com.br\/noticias\/wp-json\/wp\/v2\/posts\/27819\/revisions"}],"predecessor-version":[{"id":27821,"href":"https:\/\/blogdorogeriogomes.com.br\/noticias\/wp-json\/wp\/v2\/posts\/27819\/revisions\/27821"}],"wp:featuredmedia":[{"embeddable":true,"href":"https:\/\/blogdorogeriogomes.com.br\/noticias\/wp-json\/wp\/v2\/media\/27820"}],"wp:attachment":[{"href":"https:\/\/blogdorogeriogomes.com.br\/noticias\/wp-json\/wp\/v2\/media?parent=27819"}],"wp:term":[{"taxonomy":"category","embeddable":true,"href":"https:\/\/blogdorogeriogomes.com.br\/noticias\/wp-json\/wp\/v2\/categories?post=27819"},{"taxonomy":"post_tag","embeddable":true,"href":"https:\/\/blogdorogeriogomes.com.br\/noticias\/wp-json\/wp\/v2\/tags?post=27819"}],"curies":[{"name":"wp","href":"https:\/\/api.w.org\/{rel}","templated":true}]}}