{"id":27828,"date":"2022-12-21T11:56:12","date_gmt":"2022-12-21T11:56:12","guid":{"rendered":"https:\/\/blogdorogeriogomes.com.br\/?p=27828"},"modified":"2022-12-22T00:50:28","modified_gmt":"2022-12-22T00:50:28","slug":"com-posse-de-camilo-santana-no-mec-augusta-brito-deve-assumir-mandato-de-senadora-pelo-ceara","status":"publish","type":"post","link":"https:\/\/blogdorogeriogomes.com.br\/noticias\/2022\/12\/com-posse-de-camilo-santana-no-mec-augusta-brito-deve-assumir-mandato-de-senadora-pelo-ceara\/","title":{"rendered":"Com posse de Camilo Santana no MEC, Augusta Brito deve assumir mandato de senadora pelo Cear\u00e1"},"content":{"rendered":"\n<p>Com a posse do senador eleito Camilo Santana (PT) no Minist\u00e9rio da Educa\u00e7\u00e3o, a deputada estadual Augusta Brito (PT) assumir\u00e1 mandato de senadora pelo Cear\u00e1 em fevereiro do pr\u00f3ximo ano. Augusta Brito (na foto \u00e0 esquerda) \u00e9 a primeira suplente de Camilo no Senado, enquanto Jana\u00edna Farias (\u00e0 direita) \u00e9 a segunda suplente. Jana\u00edna tamb\u00e9m \u00e9 filada ao PT e foi assessora especial de Camilo Santana, enquanto governador do Cear\u00e1.<br>Augusta Brito foi a primeira mulher l\u00edder do Governo na hist\u00f3ria da Assembleia Legislativa do Cear\u00e1. Ela tem como ber\u00e7o pol\u00edtico a regi\u00e3o da Ibiapaba, especialmente no munic\u00edpio de Gra\u00e7a, onde j\u00e1 foi prefeita.<\/p>\n\n\n\n<figure class=\"wp-block-image size-full\"><img loading=\"lazy\" decoding=\"async\" width=\"678\" height=\"452\" src=\"https:\/\/blogdorogeriogomes.com.br\/wp-content\/uploads\/2022\/12\/IMG-20221221-WA0001.jpg\" alt=\"\" class=\"wp-image-27829\" srcset=\"https:\/\/blogdorogeriogomes.com.br\/noticias\/wp-content\/uploads\/2022\/12\/IMG-20221221-WA0001.jpg 678w, https:\/\/blogdorogeriogomes.com.br\/noticias\/wp-content\/uploads\/2022\/12\/IMG-20221221-WA0001-300x200.jpg 300w\" sizes=\"auto, (max-width: 678px) 100vw, 678px\" \/><\/figure>\n","protected":false},"excerpt":{"rendered":"<p>Com a posse do senador eleito Camilo Santana (PT) no Minist\u00e9rio da Educa\u00e7\u00e3o, a deputada estadual Augusta Brito (PT) assumir\u00e1 mandato de senadora pelo Cear\u00e1 em fevereiro do pr\u00f3ximo ano. Augusta Brito (na foto \u00e0 esquerda) \u00e9 a primeira suplente de Camilo no Senado, enquanto Jana\u00edna Farias (\u00e0 direita) \u00e9 a segunda suplente. Jana\u00edna tamb\u00e9m \u00e9 filada ao PT e foi assessora especial de Camilo Santana, enquanto governador do Cear\u00e1.Augusta Brito foi a primeira mulher l\u00edder do Governo na&hellip;<\/p>\n","protected":false},"author":1,"featured_media":27829,"comment_status":"open","ping_status":"open","sticky":false,"template":"","format":"standard","meta":{"footnotes":""},"categories":[1],"tags":[],"class_list":["post-27828","post","type-post","status-publish","format-standard","has-post-thumbnail","hentry","category-noticias"],"_links":{"self":[{"href":"https:\/\/blogdorogeriogomes.com.br\/noticias\/wp-json\/wp\/v2\/posts\/27828","targetHints":{"allow":["GET"]}}],"collection":[{"href":"https:\/\/blogdorogeriogomes.com.br\/noticias\/wp-json\/wp\/v2\/posts"}],"about":[{"href":"https:\/\/blogdorogeriogomes.com.br\/noticias\/wp-json\/wp\/v2\/types\/post"}],"author":[{"embeddable":true,"href":"https:\/\/blogdorogeriogomes.com.br\/noticias\/wp-json\/wp\/v2\/users\/1"}],"replies":[{"embeddable":true,"href":"https:\/\/blogdorogeriogomes.com.br\/noticias\/wp-json\/wp\/v2\/comments?post=27828"}],"version-history":[{"count":1,"href":"https:\/\/blogdorogeriogomes.com.br\/noticias\/wp-json\/wp\/v2\/posts\/27828\/revisions"}],"predecessor-version":[{"id":27830,"href":"https:\/\/blogdorogeriogomes.com.br\/noticias\/wp-json\/wp\/v2\/posts\/27828\/revisions\/27830"}],"wp:featuredmedia":[{"embeddable":true,"href":"https:\/\/blogdorogeriogomes.com.br\/noticias\/wp-json\/wp\/v2\/media\/27829"}],"wp:attachment":[{"href":"https:\/\/blogdorogeriogomes.com.br\/noticias\/wp-json\/wp\/v2\/media?parent=27828"}],"wp:term":[{"taxonomy":"category","embeddable":true,"href":"https:\/\/blogdorogeriogomes.com.br\/noticias\/wp-json\/wp\/v2\/categories?post=27828"},{"taxonomy":"post_tag","embeddable":true,"href":"https:\/\/blogdorogeriogomes.com.br\/noticias\/wp-json\/wp\/v2\/tags?post=27828"}],"curies":[{"name":"wp","href":"https:\/\/api.w.org\/{rel}","templated":true}]}}