{"id":27831,"date":"2022-12-21T19:51:17","date_gmt":"2022-12-21T19:51:17","guid":{"rendered":"https:\/\/blogdorogeriogomes.com.br\/?p=27831"},"modified":"2022-12-22T00:50:23","modified_gmt":"2022-12-22T00:50:23","slug":"jose-sarto-reune-secretariado-municipal-nesta-quinta-feira-para-fazer-balanco-de-2022","status":"publish","type":"post","link":"https:\/\/blogdorogeriogomes.com.br\/noticias\/2022\/12\/jose-sarto-reune-secretariado-municipal-nesta-quinta-feira-para-fazer-balanco-de-2022\/","title":{"rendered":"Jos\u00e9 Sarto re\u00fane secretariado municipal nesta quinta-feira para fazer balan\u00e7o de 2022"},"content":{"rendered":"\n<p>A Prefeitura de Fortaleza realiza, nesta quinta-feira, dia 22 de dezembro, a partir das 9 horas, reuni\u00e3o de secretariado municipal no Cuca Mondubim. No evento, ser\u00e3o discutidos balan\u00e7os e resultados de pol\u00edticas p\u00fablicas da atual gest\u00e3o durante o ano de 2022, cumprimento do plano de governo, al\u00e9m do acompanhamento de novos projetos.<br>Ser\u00e1 tamb\u00e9m uma oportunidade para que o prefeito Jos\u00e9 Sarto esclare\u00e7a como vai tramitar o projeto na C\u00e2mara Municipal, no per\u00edodo de recesso, que trata da amplia\u00e7\u00e3o da isen\u00e7\u00e3o de im\u00f3veis de Fortaleza em rela\u00e7\u00e3o \u00e0 cobran\u00e7a da taxa de lixo. A proposta foi aprovada na noite da \u00faltima ter\u00e7a-feira, dia 20, mas os vereadores n\u00e3o aprovaram a isen\u00e7\u00e3o para 70% dos im\u00f3veis da Capital. Na forma como est\u00e1 na mensagem da taxa de lixo, apenas 30% dos im\u00f3veis n\u00e3o v\u00e3o pagar o novo imposto.<\/p>\n\n\n\n<figure class=\"wp-block-image size-full\"><img loading=\"lazy\" decoding=\"async\" width=\"670\" height=\"458\" src=\"https:\/\/blogdorogeriogomes.com.br\/wp-content\/uploads\/2022\/12\/images-17.jpeg\" alt=\"\" class=\"wp-image-27832\" srcset=\"https:\/\/blogdorogeriogomes.com.br\/noticias\/wp-content\/uploads\/2022\/12\/images-17.jpeg 670w, https:\/\/blogdorogeriogomes.com.br\/noticias\/wp-content\/uploads\/2022\/12\/images-17-300x205.jpeg 300w\" sizes=\"auto, (max-width: 670px) 100vw, 670px\" \/><\/figure>\n","protected":false},"excerpt":{"rendered":"<p>A Prefeitura de Fortaleza realiza, nesta quinta-feira, dia 22 de dezembro, a partir das 9 horas, reuni\u00e3o de secretariado municipal no Cuca Mondubim. No evento, ser\u00e3o discutidos balan\u00e7os e resultados de pol\u00edticas p\u00fablicas da atual gest\u00e3o durante o ano de 2022, cumprimento do plano de governo, al\u00e9m do acompanhamento de novos projetos.Ser\u00e1 tamb\u00e9m uma oportunidade para que o prefeito Jos\u00e9 Sarto esclare\u00e7a como vai tramitar o projeto na C\u00e2mara Municipal, no per\u00edodo de recesso, que trata da amplia\u00e7\u00e3o da&hellip;<\/p>\n","protected":false},"author":1,"featured_media":27832,"comment_status":"open","ping_status":"open","sticky":false,"template":"","format":"standard","meta":{"footnotes":""},"categories":[1],"tags":[],"class_list":["post-27831","post","type-post","status-publish","format-standard","has-post-thumbnail","hentry","category-noticias"],"_links":{"self":[{"href":"https:\/\/blogdorogeriogomes.com.br\/noticias\/wp-json\/wp\/v2\/posts\/27831","targetHints":{"allow":["GET"]}}],"collection":[{"href":"https:\/\/blogdorogeriogomes.com.br\/noticias\/wp-json\/wp\/v2\/posts"}],"about":[{"href":"https:\/\/blogdorogeriogomes.com.br\/noticias\/wp-json\/wp\/v2\/types\/post"}],"author":[{"embeddable":true,"href":"https:\/\/blogdorogeriogomes.com.br\/noticias\/wp-json\/wp\/v2\/users\/1"}],"replies":[{"embeddable":true,"href":"https:\/\/blogdorogeriogomes.com.br\/noticias\/wp-json\/wp\/v2\/comments?post=27831"}],"version-history":[{"count":1,"href":"https:\/\/blogdorogeriogomes.com.br\/noticias\/wp-json\/wp\/v2\/posts\/27831\/revisions"}],"predecessor-version":[{"id":27833,"href":"https:\/\/blogdorogeriogomes.com.br\/noticias\/wp-json\/wp\/v2\/posts\/27831\/revisions\/27833"}],"wp:featuredmedia":[{"embeddable":true,"href":"https:\/\/blogdorogeriogomes.com.br\/noticias\/wp-json\/wp\/v2\/media\/27832"}],"wp:attachment":[{"href":"https:\/\/blogdorogeriogomes.com.br\/noticias\/wp-json\/wp\/v2\/media?parent=27831"}],"wp:term":[{"taxonomy":"category","embeddable":true,"href":"https:\/\/blogdorogeriogomes.com.br\/noticias\/wp-json\/wp\/v2\/categories?post=27831"},{"taxonomy":"post_tag","embeddable":true,"href":"https:\/\/blogdorogeriogomes.com.br\/noticias\/wp-json\/wp\/v2\/tags?post=27831"}],"curies":[{"name":"wp","href":"https:\/\/api.w.org\/{rel}","templated":true}]}}