{"id":27834,"date":"2022-12-21T19:54:01","date_gmt":"2022-12-21T19:54:01","guid":{"rendered":"https:\/\/blogdorogeriogomes.com.br\/?p=27834"},"modified":"2022-12-22T00:50:16","modified_gmt":"2022-12-22T00:50:16","slug":"governadora-izolda-cela-confirma-que-pagamento-dos-precatorios-do-fundef-vai-comecar-de-forma-imediata-apos-liberacao-do-stf","status":"publish","type":"post","link":"https:\/\/blogdorogeriogomes.com.br\/noticias\/2022\/12\/governadora-izolda-cela-confirma-que-pagamento-dos-precatorios-do-fundef-vai-comecar-de-forma-imediata-apos-liberacao-do-stf\/","title":{"rendered":"Governadora Izolda Cela confirma que pagamento dos precat\u00f3rios do Fundef vai come\u00e7ar de forma imediata ap\u00f3s libera\u00e7\u00e3o do STF"},"content":{"rendered":"\n<p>A governadora do Cear\u00e1, Izolda Cela, confirmou nesta quarta-feira, dia 21 de dezembro, que o Supremo Tribunal Federal autorizou a transfer\u00eancia dos recursos dos precat\u00f3rios do Fundef \u00e0 Caixa Econ\u00f4mica Federal, para iniciar o pagamento de forma imediata aos profissionais de educa\u00e7\u00e3o. No total, ser\u00e3o beneficiados cerca de 50 mil profissionais, que estiveram em exerc\u00edcio entre 1998 e 2006.<br>O Governo do Estado atendeu tamb\u00e9m duas reivindica\u00e7\u00f5es importantes da categoria: uma delas garante que o Imposto de Renda desse pagamento n\u00e3o ser\u00e1 cobrado dos profissionais; e a outra estabelece que os juros sobre esses recursos tamb\u00e9m ser\u00e3o destinados para o pagamento dos professores. &#8220;Seguimos investindo para garantir uma educa\u00e7\u00e3o cada vez melhor para todos os cearenses&#8221;, disse Izolda Cela, vai assumir a fun\u00e7\u00e3o de secret\u00e1ria nacional da Educa\u00e7\u00e3o B\u00e1sica no Governo Lula, a partir de janeiro.<\/p>\n\n\n\n<figure class=\"wp-block-image size-large\"><img loading=\"lazy\" decoding=\"async\" width=\"1024\" height=\"667\" src=\"https:\/\/blogdorogeriogomes.com.br\/wp-content\/uploads\/2022\/12\/IMG-20221221-WA0148-1024x667.jpg\" alt=\"\" class=\"wp-image-27835\" srcset=\"https:\/\/blogdorogeriogomes.com.br\/noticias\/wp-content\/uploads\/2022\/12\/IMG-20221221-WA0148-1024x667.jpg 1024w, https:\/\/blogdorogeriogomes.com.br\/noticias\/wp-content\/uploads\/2022\/12\/IMG-20221221-WA0148-300x195.jpg 300w, https:\/\/blogdorogeriogomes.com.br\/noticias\/wp-content\/uploads\/2022\/12\/IMG-20221221-WA0148-768x500.jpg 768w, https:\/\/blogdorogeriogomes.com.br\/noticias\/wp-content\/uploads\/2022\/12\/IMG-20221221-WA0148-800x521.jpg 800w, https:\/\/blogdorogeriogomes.com.br\/noticias\/wp-content\/uploads\/2022\/12\/IMG-20221221-WA0148.jpg 1052w\" sizes=\"auto, (max-width: 1024px) 100vw, 1024px\" \/><\/figure>\n","protected":false},"excerpt":{"rendered":"<p>A governadora do Cear\u00e1, Izolda Cela, confirmou nesta quarta-feira, dia 21 de dezembro, que o Supremo Tribunal Federal autorizou a transfer\u00eancia dos recursos dos precat\u00f3rios do Fundef \u00e0 Caixa Econ\u00f4mica Federal, para iniciar o pagamento de forma imediata aos profissionais de educa\u00e7\u00e3o. No total, ser\u00e3o beneficiados cerca de 50 mil profissionais, que estiveram em exerc\u00edcio entre 1998 e 2006.O Governo do Estado atendeu tamb\u00e9m duas reivindica\u00e7\u00f5es importantes da categoria: uma delas garante que o Imposto de Renda desse pagamento&hellip;<\/p>\n","protected":false},"author":1,"featured_media":27835,"comment_status":"open","ping_status":"open","sticky":false,"template":"","format":"standard","meta":{"footnotes":""},"categories":[1],"tags":[],"class_list":["post-27834","post","type-post","status-publish","format-standard","has-post-thumbnail","hentry","category-noticias"],"_links":{"self":[{"href":"https:\/\/blogdorogeriogomes.com.br\/noticias\/wp-json\/wp\/v2\/posts\/27834","targetHints":{"allow":["GET"]}}],"collection":[{"href":"https:\/\/blogdorogeriogomes.com.br\/noticias\/wp-json\/wp\/v2\/posts"}],"about":[{"href":"https:\/\/blogdorogeriogomes.com.br\/noticias\/wp-json\/wp\/v2\/types\/post"}],"author":[{"embeddable":true,"href":"https:\/\/blogdorogeriogomes.com.br\/noticias\/wp-json\/wp\/v2\/users\/1"}],"replies":[{"embeddable":true,"href":"https:\/\/blogdorogeriogomes.com.br\/noticias\/wp-json\/wp\/v2\/comments?post=27834"}],"version-history":[{"count":1,"href":"https:\/\/blogdorogeriogomes.com.br\/noticias\/wp-json\/wp\/v2\/posts\/27834\/revisions"}],"predecessor-version":[{"id":27836,"href":"https:\/\/blogdorogeriogomes.com.br\/noticias\/wp-json\/wp\/v2\/posts\/27834\/revisions\/27836"}],"wp:featuredmedia":[{"embeddable":true,"href":"https:\/\/blogdorogeriogomes.com.br\/noticias\/wp-json\/wp\/v2\/media\/27835"}],"wp:attachment":[{"href":"https:\/\/blogdorogeriogomes.com.br\/noticias\/wp-json\/wp\/v2\/media?parent=27834"}],"wp:term":[{"taxonomy":"category","embeddable":true,"href":"https:\/\/blogdorogeriogomes.com.br\/noticias\/wp-json\/wp\/v2\/categories?post=27834"},{"taxonomy":"post_tag","embeddable":true,"href":"https:\/\/blogdorogeriogomes.com.br\/noticias\/wp-json\/wp\/v2\/tags?post=27834"}],"curies":[{"name":"wp","href":"https:\/\/api.w.org\/{rel}","templated":true}]}}