{"id":27844,"date":"2022-12-22T11:24:42","date_gmt":"2022-12-22T11:24:42","guid":{"rendered":"https:\/\/blogdorogeriogomes.com.br\/?p=27844"},"modified":"2022-12-22T12:31:04","modified_gmt":"2022-12-22T12:31:04","slug":"prefeitura-de-fortaleza-define-ordem-das-atracoes-e-esquema-de-transporte-no-reveillon-2023","status":"publish","type":"post","link":"https:\/\/blogdorogeriogomes.com.br\/noticias\/2022\/12\/prefeitura-de-fortaleza-define-ordem-das-atracoes-e-esquema-de-transporte-no-reveillon-2023\/","title":{"rendered":"Prefeitura de Fortaleza define ordem das atra\u00e7\u00f5es e esquema de transporte no R\u00e9veillon 2023"},"content":{"rendered":"\n<p>A Prefeitura de Fortaleza definiu a ordem das atra\u00e7\u00f5es dos dois dias show na virada do ano, no Aterro da Praia de Iracema. O R\u00e9veillon ter\u00e1 shows nos dias 30 e 31 de dezembro.<br>Haver\u00e1 tarifa zero no transporte coletivo durante a virada de ano. A tarifa zero come\u00e7a a valer \u00e0s 16 horas do s\u00e1bado, dia 31 de dezembro, e vai at\u00e9 \u00e0s 5 horas da manh\u00e3 de domingo, 1\u00ba de janeiro.<\/p>\n\n\n\n<p>Shows do dia 30\/12<br>Jorge Arag\u00e3o<br>Daniela Mercury<br>Luisa Sonsa<br>Vanessa da Mata<br>Xandy Avi\u00e3o<br>Natan<br>Paulo Jos\u00e9 Benevides<br>Get\u00falio Abelha<br>M\u00e1rcia Felipe<\/p>\n\n\n\n<p>Shows dia 31\/12<br>Alcione<br>Alceu Valen\u00e7a<br>DJ Alok<br>Nando Reis<br>Luan Santana<br>Camila Marieta<br>Felipe Amorim<br>Mari Fernandez<\/p>\n\n\n\n<figure class=\"wp-block-image size-full\"><img loading=\"lazy\" decoding=\"async\" width=\"984\" height=\"657\" src=\"https:\/\/blogdorogeriogomes.com.br\/wp-content\/uploads\/2022\/12\/photo-5181899565161360194-y-1.jpg\" alt=\"\" class=\"wp-image-27845\" srcset=\"https:\/\/blogdorogeriogomes.com.br\/noticias\/wp-content\/uploads\/2022\/12\/photo-5181899565161360194-y-1.jpg 984w, https:\/\/blogdorogeriogomes.com.br\/noticias\/wp-content\/uploads\/2022\/12\/photo-5181899565161360194-y-1-300x200.jpg 300w, https:\/\/blogdorogeriogomes.com.br\/noticias\/wp-content\/uploads\/2022\/12\/photo-5181899565161360194-y-1-768x513.jpg 768w, https:\/\/blogdorogeriogomes.com.br\/noticias\/wp-content\/uploads\/2022\/12\/photo-5181899565161360194-y-1-800x534.jpg 800w\" sizes=\"auto, (max-width: 984px) 100vw, 984px\" \/><\/figure>\n","protected":false},"excerpt":{"rendered":"<p>A Prefeitura de Fortaleza definiu a ordem das atra\u00e7\u00f5es dos dois dias show na virada do ano, no Aterro da Praia de Iracema. O R\u00e9veillon ter\u00e1 shows nos dias 30 e 31 de dezembro.Haver\u00e1 tarifa zero no transporte coletivo durante a virada de ano. A tarifa zero come\u00e7a a valer \u00e0s 16 horas do s\u00e1bado, dia 31 de dezembro, e vai at\u00e9 \u00e0s 5 horas da manh\u00e3 de domingo, 1\u00ba de janeiro. Shows do dia 30\/12Jorge Arag\u00e3oDaniela MercuryLuisa SonsaVanessa&hellip;<\/p>\n","protected":false},"author":1,"featured_media":27845,"comment_status":"open","ping_status":"open","sticky":false,"template":"","format":"standard","meta":{"footnotes":""},"categories":[1],"tags":[],"class_list":["post-27844","post","type-post","status-publish","format-standard","has-post-thumbnail","hentry","category-noticias"],"_links":{"self":[{"href":"https:\/\/blogdorogeriogomes.com.br\/noticias\/wp-json\/wp\/v2\/posts\/27844","targetHints":{"allow":["GET"]}}],"collection":[{"href":"https:\/\/blogdorogeriogomes.com.br\/noticias\/wp-json\/wp\/v2\/posts"}],"about":[{"href":"https:\/\/blogdorogeriogomes.com.br\/noticias\/wp-json\/wp\/v2\/types\/post"}],"author":[{"embeddable":true,"href":"https:\/\/blogdorogeriogomes.com.br\/noticias\/wp-json\/wp\/v2\/users\/1"}],"replies":[{"embeddable":true,"href":"https:\/\/blogdorogeriogomes.com.br\/noticias\/wp-json\/wp\/v2\/comments?post=27844"}],"version-history":[{"count":1,"href":"https:\/\/blogdorogeriogomes.com.br\/noticias\/wp-json\/wp\/v2\/posts\/27844\/revisions"}],"predecessor-version":[{"id":27846,"href":"https:\/\/blogdorogeriogomes.com.br\/noticias\/wp-json\/wp\/v2\/posts\/27844\/revisions\/27846"}],"wp:featuredmedia":[{"embeddable":true,"href":"https:\/\/blogdorogeriogomes.com.br\/noticias\/wp-json\/wp\/v2\/media\/27845"}],"wp:attachment":[{"href":"https:\/\/blogdorogeriogomes.com.br\/noticias\/wp-json\/wp\/v2\/media?parent=27844"}],"wp:term":[{"taxonomy":"category","embeddable":true,"href":"https:\/\/blogdorogeriogomes.com.br\/noticias\/wp-json\/wp\/v2\/categories?post=27844"},{"taxonomy":"post_tag","embeddable":true,"href":"https:\/\/blogdorogeriogomes.com.br\/noticias\/wp-json\/wp\/v2\/tags?post=27844"}],"curies":[{"name":"wp","href":"https:\/\/api.w.org\/{rel}","templated":true}]}}