{"id":27851,"date":"2022-12-23T01:38:36","date_gmt":"2022-12-23T01:38:36","guid":{"rendered":"https:\/\/blogdorogeriogomes.com.br\/?p=27851"},"modified":"2022-12-23T09:40:15","modified_gmt":"2022-12-23T09:40:15","slug":"lula-confirma-mais-16-nomes-para-o-ministerio-camilo-santana-fica-com-a-educacao","status":"publish","type":"post","link":"https:\/\/blogdorogeriogomes.com.br\/noticias\/2022\/12\/lula-confirma-mais-16-nomes-para-o-ministerio-camilo-santana-fica-com-a-educacao\/","title":{"rendered":"Lula confirma mais 16 nomes para o Minist\u00e9rio. Camilo Santana fica com a Educa\u00e7\u00e3o"},"content":{"rendered":"\n<p>O presidente eleito Lula (PT) anunciou mais 16 nomes para o seu Minist\u00e9rio. J\u00e1 s\u00e3o 21 nomes confirmados. A expectativa \u00e9 que o novo governo conte com um total de 37 minist\u00e9rios em Bras\u00edlia. Ou seja, faltariam ainda mais 16 indica\u00e7\u00f5es, que dever\u00e3o contemplar partidos aliados. Na rela\u00e7\u00e3o divulgada nesta quinta-feira, dia 22 de dezembro, est\u00e1 confirmada a nomea\u00e7\u00e3o do senador eleito Camilo Santana (PT) para o Minist\u00e9rio da Educa\u00e7\u00e3o.<\/p>\n\n\n\n<p>Confira os nomes de hoje<\/p>\n\n\n\n<p>*Geraldo Alckmin (PSB) \u2013 Ind\u00fastria e Com\u00e9rcio<br>*M\u00e1rcio Fran\u00e7a (PSB) \u2013 Portos e Aeroportos<br>*Alexandre Padilha (PT) \u2013 Rela\u00e7\u00f5es Institucionais (Ex-segov)<br>*Wellington Dias (PT) \u2013 Desenvolvimento Social<br>*Camillo Santana (PT) \u2013 Educa\u00e7\u00e3o<br>*Luiz Marinho (PT) \u2013 Trabalho<br>*Marcio Macedo \u2013 Secret\u00e1rio-Geral da Presid\u00eancia da Rep\u00fablica<br>*Jorge Messias \u2013 Advogado-Geral da Uni\u00e3o<br>*Silvio Almeida \u2013 Direitos Humanos<br>*Vinicius Carvalho \u2013 Controladoria-Geral da Uni\u00e3o (CGU)<br>*N\u00edsia Trindade \u2013 Sa\u00fade<\/p>\n\n\n\n<p>*Margareth Menezes \u2013 Cultura<br>*Luciana Santos (PCdoB) \u2013 Ci\u00eancia e Tecnologia<br>*Anielle Franco \u2013 Igualdade Racial<br>*Cida Gon\u00e7alves \u2013 Mulheres<br>*Esther Dweck \u2013 Gest\u00e3o e Inova\u00e7\u00e3o<\/p>\n\n\n\n<figure class=\"wp-block-image size-full\"><img loading=\"lazy\" decoding=\"async\" width=\"650\" height=\"366\" src=\"https:\/\/blogdorogeriogomes.com.br\/wp-content\/uploads\/2022\/12\/IMG-20221222-WA0004.jpg\" alt=\"\" class=\"wp-image-27852\" srcset=\"https:\/\/blogdorogeriogomes.com.br\/noticias\/wp-content\/uploads\/2022\/12\/IMG-20221222-WA0004.jpg 650w, https:\/\/blogdorogeriogomes.com.br\/noticias\/wp-content\/uploads\/2022\/12\/IMG-20221222-WA0004-300x169.jpg 300w\" sizes=\"auto, (max-width: 650px) 100vw, 650px\" \/><\/figure>\n","protected":false},"excerpt":{"rendered":"<p>O presidente eleito Lula (PT) anunciou mais 16 nomes para o seu Minist\u00e9rio. J\u00e1 s\u00e3o 21 nomes confirmados. A expectativa \u00e9 que o novo governo conte com um total de 37 minist\u00e9rios em Bras\u00edlia. Ou seja, faltariam ainda mais 16 indica\u00e7\u00f5es, que dever\u00e3o contemplar partidos aliados. Na rela\u00e7\u00e3o divulgada nesta quinta-feira, dia 22 de dezembro, est\u00e1 confirmada a nomea\u00e7\u00e3o do senador eleito Camilo Santana (PT) para o Minist\u00e9rio da Educa\u00e7\u00e3o. Confira os nomes de hoje *Geraldo Alckmin (PSB) \u2013&hellip;<\/p>\n","protected":false},"author":1,"featured_media":27852,"comment_status":"open","ping_status":"open","sticky":false,"template":"","format":"standard","meta":{"footnotes":""},"categories":[1],"tags":[],"class_list":["post-27851","post","type-post","status-publish","format-standard","has-post-thumbnail","hentry","category-noticias"],"_links":{"self":[{"href":"https:\/\/blogdorogeriogomes.com.br\/noticias\/wp-json\/wp\/v2\/posts\/27851","targetHints":{"allow":["GET"]}}],"collection":[{"href":"https:\/\/blogdorogeriogomes.com.br\/noticias\/wp-json\/wp\/v2\/posts"}],"about":[{"href":"https:\/\/blogdorogeriogomes.com.br\/noticias\/wp-json\/wp\/v2\/types\/post"}],"author":[{"embeddable":true,"href":"https:\/\/blogdorogeriogomes.com.br\/noticias\/wp-json\/wp\/v2\/users\/1"}],"replies":[{"embeddable":true,"href":"https:\/\/blogdorogeriogomes.com.br\/noticias\/wp-json\/wp\/v2\/comments?post=27851"}],"version-history":[{"count":1,"href":"https:\/\/blogdorogeriogomes.com.br\/noticias\/wp-json\/wp\/v2\/posts\/27851\/revisions"}],"predecessor-version":[{"id":27853,"href":"https:\/\/blogdorogeriogomes.com.br\/noticias\/wp-json\/wp\/v2\/posts\/27851\/revisions\/27853"}],"wp:featuredmedia":[{"embeddable":true,"href":"https:\/\/blogdorogeriogomes.com.br\/noticias\/wp-json\/wp\/v2\/media\/27852"}],"wp:attachment":[{"href":"https:\/\/blogdorogeriogomes.com.br\/noticias\/wp-json\/wp\/v2\/media?parent=27851"}],"wp:term":[{"taxonomy":"category","embeddable":true,"href":"https:\/\/blogdorogeriogomes.com.br\/noticias\/wp-json\/wp\/v2\/categories?post=27851"},{"taxonomy":"post_tag","embeddable":true,"href":"https:\/\/blogdorogeriogomes.com.br\/noticias\/wp-json\/wp\/v2\/tags?post=27851"}],"curies":[{"name":"wp","href":"https:\/\/api.w.org\/{rel}","templated":true}]}}