{"id":27854,"date":"2022-12-23T01:41:37","date_gmt":"2022-12-23T01:41:37","guid":{"rendered":"https:\/\/blogdorogeriogomes.com.br\/?p=27854"},"modified":"2022-12-23T09:40:08","modified_gmt":"2022-12-23T09:40:08","slug":"nelson-martins-e-indicado-para-a-presidencia-do-bnb-elmano-anuncia-secretariado-nesta-sexta-feira","status":"publish","type":"post","link":"https:\/\/blogdorogeriogomes.com.br\/noticias\/2022\/12\/nelson-martins-e-indicado-para-a-presidencia-do-bnb-elmano-anuncia-secretariado-nesta-sexta-feira\/","title":{"rendered":"Nelson Martins \u00e9 indicado para a presid\u00eancia do BNB. Elmano anuncia secretariado nesta sexta-feira"},"content":{"rendered":"\n<p>A semana tem sido de defini\u00e7\u00f5es na equipe do futuro Governo Lula em n\u00edvel federal e tamb\u00e9m no secretariado estadual do governador eleito Elmano de Freitas (PT). Um cearense est\u00e1 cotado para assumir a presid\u00eancia do Banco do Nordeste. Trata-se do ex-deputado estadual Nelson Martins, que j\u00e1 ocupou o cargo de chefe da Casa Civil no Estado. Nelson foi indicado pelo senador eleito e futuro ministro da Educa\u00e7\u00e3o, Camilo Santana, e pelo governador eleito Elmano de Freitas.<br>Para esta sexta-feira, dia 23 de dezembro, est\u00e1 previsto o an\u00fancio do secretariado estadual de Elmano de Freitas. Os nomes devem ser confirmados no fim da manh\u00e3 na Vice-Governadoria pelo governador eleito.<\/p>\n\n\n\n<figure class=\"wp-block-image size-large\"><img loading=\"lazy\" decoding=\"async\" width=\"1024\" height=\"682\" src=\"https:\/\/blogdorogeriogomes.com.br\/wp-content\/uploads\/2022\/12\/IMG-20221222-WA0005-1024x682.jpg\" alt=\"\" class=\"wp-image-27855\" srcset=\"https:\/\/blogdorogeriogomes.com.br\/noticias\/wp-content\/uploads\/2022\/12\/IMG-20221222-WA0005-1024x682.jpg 1024w, https:\/\/blogdorogeriogomes.com.br\/noticias\/wp-content\/uploads\/2022\/12\/IMG-20221222-WA0005-300x200.jpg 300w, https:\/\/blogdorogeriogomes.com.br\/noticias\/wp-content\/uploads\/2022\/12\/IMG-20221222-WA0005-768x511.jpg 768w, https:\/\/blogdorogeriogomes.com.br\/noticias\/wp-content\/uploads\/2022\/12\/IMG-20221222-WA0005-800x533.jpg 800w, https:\/\/blogdorogeriogomes.com.br\/noticias\/wp-content\/uploads\/2022\/12\/IMG-20221222-WA0005.jpg 1140w\" sizes=\"auto, (max-width: 1024px) 100vw, 1024px\" \/><\/figure>\n","protected":false},"excerpt":{"rendered":"<p>A semana tem sido de defini\u00e7\u00f5es na equipe do futuro Governo Lula em n\u00edvel federal e tamb\u00e9m no secretariado estadual do governador eleito Elmano de Freitas (PT). Um cearense est\u00e1 cotado para assumir a presid\u00eancia do Banco do Nordeste. Trata-se do ex-deputado estadual Nelson Martins, que j\u00e1 ocupou o cargo de chefe da Casa Civil no Estado. Nelson foi indicado pelo senador eleito e futuro ministro da Educa\u00e7\u00e3o, Camilo Santana, e pelo governador eleito Elmano de Freitas.Para esta sexta-feira,&hellip;<\/p>\n","protected":false},"author":1,"featured_media":27855,"comment_status":"open","ping_status":"open","sticky":false,"template":"","format":"standard","meta":{"footnotes":""},"categories":[1],"tags":[],"class_list":["post-27854","post","type-post","status-publish","format-standard","has-post-thumbnail","hentry","category-noticias"],"_links":{"self":[{"href":"https:\/\/blogdorogeriogomes.com.br\/noticias\/wp-json\/wp\/v2\/posts\/27854","targetHints":{"allow":["GET"]}}],"collection":[{"href":"https:\/\/blogdorogeriogomes.com.br\/noticias\/wp-json\/wp\/v2\/posts"}],"about":[{"href":"https:\/\/blogdorogeriogomes.com.br\/noticias\/wp-json\/wp\/v2\/types\/post"}],"author":[{"embeddable":true,"href":"https:\/\/blogdorogeriogomes.com.br\/noticias\/wp-json\/wp\/v2\/users\/1"}],"replies":[{"embeddable":true,"href":"https:\/\/blogdorogeriogomes.com.br\/noticias\/wp-json\/wp\/v2\/comments?post=27854"}],"version-history":[{"count":1,"href":"https:\/\/blogdorogeriogomes.com.br\/noticias\/wp-json\/wp\/v2\/posts\/27854\/revisions"}],"predecessor-version":[{"id":27856,"href":"https:\/\/blogdorogeriogomes.com.br\/noticias\/wp-json\/wp\/v2\/posts\/27854\/revisions\/27856"}],"wp:featuredmedia":[{"embeddable":true,"href":"https:\/\/blogdorogeriogomes.com.br\/noticias\/wp-json\/wp\/v2\/media\/27855"}],"wp:attachment":[{"href":"https:\/\/blogdorogeriogomes.com.br\/noticias\/wp-json\/wp\/v2\/media?parent=27854"}],"wp:term":[{"taxonomy":"category","embeddable":true,"href":"https:\/\/blogdorogeriogomes.com.br\/noticias\/wp-json\/wp\/v2\/categories?post=27854"},{"taxonomy":"post_tag","embeddable":true,"href":"https:\/\/blogdorogeriogomes.com.br\/noticias\/wp-json\/wp\/v2\/tags?post=27854"}],"curies":[{"name":"wp","href":"https:\/\/api.w.org\/{rel}","templated":true}]}}