{"id":27860,"date":"2022-12-23T11:45:38","date_gmt":"2022-12-23T11:45:38","guid":{"rendered":"https:\/\/blogdorogeriogomes.com.br\/?p=27860"},"modified":"2023-01-02T11:33:52","modified_gmt":"2023-01-02T11:33:52","slug":"boletos-do-ipva-2023-ja-podem-ser-emitidos-a-partir-de-2-de-janeiro","status":"publish","type":"post","link":"https:\/\/blogdorogeriogomes.com.br\/noticias\/2022\/12\/boletos-do-ipva-2023-ja-podem-ser-emitidos-a-partir-de-2-de-janeiro\/","title":{"rendered":"Boletos do IPVA 2023 j\u00e1 podem ser emitidos a partir de 2 de janeiro"},"content":{"rendered":"\n<p>A Secretaria da Fazenda do Cear\u00e1 (Sefaz Cear\u00e1) divulgou as al\u00edquotas e o calend\u00e1rio de pagamento do Imposto sobre a Propriedade de Ve\u00edculos Automotores (IPVA) 2023.<br>Os contribuintes participantes do programa Sua Nota Tem Valor ter\u00e3o at\u00e9 5% de desconto, chegando a 10% se o imposto for pago em cota \u00fanica.<br>O pagamento parcelado pode ser feito em at\u00e9 cinco vezes, com valor m\u00ednimo a ser parcelado de R$ 100.<br>Os boletos estar\u00e3o dispon\u00edveis a partir de 2 de janeiro de 2023,&nbsp;no site da Sefaz (www.sefaz.ce.gov.br) ou no aplicativo \u201cMeu IPVA\u201d, nas vers\u00f5es Android e IOS. \u00c9 importante destacar que a Sefaz Cear\u00e1 n\u00e3o envia guias de recolhimento pelos Correios.<br>Para realizar o c\u00e1lculo do IPVA 2023, a Sefaz Cear\u00e1 tomou como base o levantamento anual feito pela Funda\u00e7\u00e3o Instituto de Pesquisas Econ\u00f4micas (Fipe), que monitora os pre\u00e7os m\u00e9dios de mercado dos ve\u00edculos, e consultou dados do Sindivel (Sindicato dos Revendedores de Ve\u00edculos Automotores do Cear\u00e1).<br>Em 2023, cerca de 2,3 milh\u00f5es de ve\u00edculos ser\u00e3o tributados, com previs\u00e3o de arrecadar em torno de R$ 1,7 bilh\u00e3o.<\/p>\n\n\n\n<figure class=\"wp-block-image size-large\"><img loading=\"lazy\" decoding=\"async\" width=\"1024\" height=\"576\" src=\"https:\/\/blogdorogeriogomes.com.br\/wp-content\/uploads\/2022\/12\/IMG-20221223-WA0001-1024x576.jpg\" alt=\"\" class=\"wp-image-27861\" srcset=\"https:\/\/blogdorogeriogomes.com.br\/noticias\/wp-content\/uploads\/2022\/12\/IMG-20221223-WA0001-1024x576.jpg 1024w, https:\/\/blogdorogeriogomes.com.br\/noticias\/wp-content\/uploads\/2022\/12\/IMG-20221223-WA0001-300x169.jpg 300w, https:\/\/blogdorogeriogomes.com.br\/noticias\/wp-content\/uploads\/2022\/12\/IMG-20221223-WA0001-768x432.jpg 768w, https:\/\/blogdorogeriogomes.com.br\/noticias\/wp-content\/uploads\/2022\/12\/IMG-20221223-WA0001-800x450.jpg 800w, https:\/\/blogdorogeriogomes.com.br\/noticias\/wp-content\/uploads\/2022\/12\/IMG-20221223-WA0001.jpg 1080w\" sizes=\"auto, (max-width: 1024px) 100vw, 1024px\" \/><\/figure>\n","protected":false},"excerpt":{"rendered":"<p>A Secretaria da Fazenda do Cear\u00e1 (Sefaz Cear\u00e1) divulgou as al\u00edquotas e o calend\u00e1rio de pagamento do Imposto sobre a Propriedade de Ve\u00edculos Automotores (IPVA) 2023.Os contribuintes participantes do programa Sua Nota Tem Valor ter\u00e3o at\u00e9 5% de desconto, chegando a 10% se o imposto for pago em cota \u00fanica.O pagamento parcelado pode ser feito em at\u00e9 cinco vezes, com valor m\u00ednimo a ser parcelado de R$ 100.Os boletos estar\u00e3o dispon\u00edveis a partir de 2 de janeiro de 2023,&nbsp;no&hellip;<\/p>\n","protected":false},"author":1,"featured_media":27861,"comment_status":"open","ping_status":"open","sticky":false,"template":"","format":"standard","meta":{"footnotes":""},"categories":[1],"tags":[],"class_list":["post-27860","post","type-post","status-publish","format-standard","has-post-thumbnail","hentry","category-noticias"],"_links":{"self":[{"href":"https:\/\/blogdorogeriogomes.com.br\/noticias\/wp-json\/wp\/v2\/posts\/27860","targetHints":{"allow":["GET"]}}],"collection":[{"href":"https:\/\/blogdorogeriogomes.com.br\/noticias\/wp-json\/wp\/v2\/posts"}],"about":[{"href":"https:\/\/blogdorogeriogomes.com.br\/noticias\/wp-json\/wp\/v2\/types\/post"}],"author":[{"embeddable":true,"href":"https:\/\/blogdorogeriogomes.com.br\/noticias\/wp-json\/wp\/v2\/users\/1"}],"replies":[{"embeddable":true,"href":"https:\/\/blogdorogeriogomes.com.br\/noticias\/wp-json\/wp\/v2\/comments?post=27860"}],"version-history":[{"count":1,"href":"https:\/\/blogdorogeriogomes.com.br\/noticias\/wp-json\/wp\/v2\/posts\/27860\/revisions"}],"predecessor-version":[{"id":27862,"href":"https:\/\/blogdorogeriogomes.com.br\/noticias\/wp-json\/wp\/v2\/posts\/27860\/revisions\/27862"}],"wp:featuredmedia":[{"embeddable":true,"href":"https:\/\/blogdorogeriogomes.com.br\/noticias\/wp-json\/wp\/v2\/media\/27861"}],"wp:attachment":[{"href":"https:\/\/blogdorogeriogomes.com.br\/noticias\/wp-json\/wp\/v2\/media?parent=27860"}],"wp:term":[{"taxonomy":"category","embeddable":true,"href":"https:\/\/blogdorogeriogomes.com.br\/noticias\/wp-json\/wp\/v2\/categories?post=27860"},{"taxonomy":"post_tag","embeddable":true,"href":"https:\/\/blogdorogeriogomes.com.br\/noticias\/wp-json\/wp\/v2\/tags?post=27860"}],"curies":[{"name":"wp","href":"https:\/\/api.w.org\/{rel}","templated":true}]}}