{"id":27863,"date":"2022-12-23T21:16:23","date_gmt":"2022-12-23T21:16:23","guid":{"rendered":"https:\/\/blogdorogeriogomes.com.br\/?p=27863"},"modified":"2023-01-02T11:33:44","modified_gmt":"2023-01-02T11:33:44","slug":"elmano-de-freitas-anuncia-primeiros-secretarios-para-o-novo-governo-que-comeca-em-janeiro","status":"publish","type":"post","link":"https:\/\/blogdorogeriogomes.com.br\/noticias\/2022\/12\/elmano-de-freitas-anuncia-primeiros-secretarios-para-o-novo-governo-que-comeca-em-janeiro\/","title":{"rendered":"Elmano de Freitas anuncia primeiros secret\u00e1rios para o novo governo que come\u00e7a em janeiro"},"content":{"rendered":"\n<p>O governador eleito Elmano de Freitas (PT) divulgou nesta sexta-feira, dia 23 de dezembro, os nomes de sete novos secret\u00e1rios estaduais que ser\u00e3o empossados no dia 1\u00b0 de janeiro de 2023.&nbsp;<\/p>\n\n\n\n<p>Sa\u00fade &#8211; T\u00e2nia Mara Coelho<\/p>\n\n\n\n<p>Seguran\u00e7a P\u00fablica &#8211; Samuel Elanio<\/p>\n\n\n\n<p>Administra\u00e7\u00e3o Penitenci\u00e1ria &#8211; Mauro Albuquerque<\/p>\n\n\n\n<p>Controladoria Geral de Disciplina &#8211; Rodrigo Bona Carneiro<\/p>\n\n\n\n<p>Prote\u00e7\u00e3o Social &#8211; Onelia Santana<\/p>\n\n\n\n<p>Procuradoria Geral do Estado &#8211; Rafael Machado Moraes<\/p>\n\n\n\n<p>Cultura &#8211; Lu\u00edsa Cela<\/p>\n\n\n\n<figure class=\"wp-block-image size-full\"><img loading=\"lazy\" decoding=\"async\" width=\"738\" height=\"415\" src=\"https:\/\/blogdorogeriogomes.com.br\/wp-content\/uploads\/2022\/12\/images-19.jpeg\" alt=\"\" class=\"wp-image-27864\" srcset=\"https:\/\/blogdorogeriogomes.com.br\/noticias\/wp-content\/uploads\/2022\/12\/images-19.jpeg 738w, https:\/\/blogdorogeriogomes.com.br\/noticias\/wp-content\/uploads\/2022\/12\/images-19-300x169.jpeg 300w\" sizes=\"auto, (max-width: 738px) 100vw, 738px\" \/><\/figure>\n","protected":false},"excerpt":{"rendered":"<p>O governador eleito Elmano de Freitas (PT) divulgou nesta sexta-feira, dia 23 de dezembro, os nomes de sete novos secret\u00e1rios estaduais que ser\u00e3o empossados no dia 1\u00b0 de janeiro de 2023.&nbsp; Sa\u00fade &#8211; T\u00e2nia Mara Coelho Seguran\u00e7a P\u00fablica &#8211; Samuel Elanio Administra\u00e7\u00e3o Penitenci\u00e1ria &#8211; Mauro Albuquerque Controladoria Geral de Disciplina &#8211; Rodrigo Bona Carneiro Prote\u00e7\u00e3o Social &#8211; Onelia Santana Procuradoria Geral do Estado &#8211; Rafael Machado Moraes Cultura &#8211; Lu\u00edsa Cela<\/p>\n","protected":false},"author":1,"featured_media":27864,"comment_status":"open","ping_status":"open","sticky":false,"template":"","format":"standard","meta":{"footnotes":""},"categories":[1],"tags":[],"class_list":["post-27863","post","type-post","status-publish","format-standard","has-post-thumbnail","hentry","category-noticias"],"_links":{"self":[{"href":"https:\/\/blogdorogeriogomes.com.br\/noticias\/wp-json\/wp\/v2\/posts\/27863","targetHints":{"allow":["GET"]}}],"collection":[{"href":"https:\/\/blogdorogeriogomes.com.br\/noticias\/wp-json\/wp\/v2\/posts"}],"about":[{"href":"https:\/\/blogdorogeriogomes.com.br\/noticias\/wp-json\/wp\/v2\/types\/post"}],"author":[{"embeddable":true,"href":"https:\/\/blogdorogeriogomes.com.br\/noticias\/wp-json\/wp\/v2\/users\/1"}],"replies":[{"embeddable":true,"href":"https:\/\/blogdorogeriogomes.com.br\/noticias\/wp-json\/wp\/v2\/comments?post=27863"}],"version-history":[{"count":2,"href":"https:\/\/blogdorogeriogomes.com.br\/noticias\/wp-json\/wp\/v2\/posts\/27863\/revisions"}],"predecessor-version":[{"id":27922,"href":"https:\/\/blogdorogeriogomes.com.br\/noticias\/wp-json\/wp\/v2\/posts\/27863\/revisions\/27922"}],"wp:featuredmedia":[{"embeddable":true,"href":"https:\/\/blogdorogeriogomes.com.br\/noticias\/wp-json\/wp\/v2\/media\/27864"}],"wp:attachment":[{"href":"https:\/\/blogdorogeriogomes.com.br\/noticias\/wp-json\/wp\/v2\/media?parent=27863"}],"wp:term":[{"taxonomy":"category","embeddable":true,"href":"https:\/\/blogdorogeriogomes.com.br\/noticias\/wp-json\/wp\/v2\/categories?post=27863"},{"taxonomy":"post_tag","embeddable":true,"href":"https:\/\/blogdorogeriogomes.com.br\/noticias\/wp-json\/wp\/v2\/tags?post=27863"}],"curies":[{"name":"wp","href":"https:\/\/api.w.org\/{rel}","templated":true}]}}