{"id":27866,"date":"2022-12-24T11:38:30","date_gmt":"2022-12-24T11:38:30","guid":{"rendered":"https:\/\/blogdorogeriogomes.com.br\/?p=27866"},"modified":"2022-12-24T11:38:31","modified_gmt":"2022-12-24T11:38:31","slug":"prefeitura-de-fortaleza-entrega-projeto-beira-rio-na-barra-do-ceara","status":"publish","type":"post","link":"https:\/\/blogdorogeriogomes.com.br\/noticias\/2022\/12\/prefeitura-de-fortaleza-entrega-projeto-beira-rio-na-barra-do-ceara\/","title":{"rendered":"Prefeitura de Fortaleza entrega Projeto Beira-Rio na Barra do Cear\u00e1"},"content":{"rendered":"\n<p>A Prefeitura de Fortaleza entregou o projeto Beira-Rio, que requalificou a orla da Barra do Cear\u00e1.&nbsp;A obra \u00e9 respons\u00e1vel pela urbaniza\u00e7\u00e3o da Av. Radialista Jos\u00e9 Lima Verde, desde a Av. Ulisses Guimar\u00e3es (ponte) at\u00e9 a Rua Jos\u00e9 Roberto Sales, com a pavimenta\u00e7\u00e3o asf\u00e1ltica da via e a constru\u00e7\u00e3o de amplo cal\u00e7ad\u00e3o contornando toda a orla e sendo integrado ao&nbsp;Projeto Vila do Mar, no Pirambu.<br>O local tamb\u00e9m recebeu nova ilumina\u00e7\u00e3o, mobili\u00e1rios urbanos, paisagismo e a constru\u00e7\u00e3o de 10 boxes e 30 quiosques, totalizando 40 pontos comerciais.<br>Segundo o prefeito Jos\u00e9 Sarto, a praia passar\u00e1 a contar tamb\u00e9m com biciclet\u00e1rios, 31 vagas para estacionamento e posto de guarda-vidas.<\/p>\n\n\n\n<figure class=\"wp-block-image size-full\"><img loading=\"lazy\" decoding=\"async\" width=\"800\" height=\"600\" src=\"https:\/\/blogdorogeriogomes.com.br\/wp-content\/uploads\/2022\/12\/1_sarto_entrega_projeto_beira_rio_na_barra_do_ceara_aerea_9-20632993.jpg\" alt=\"\" class=\"wp-image-27867\" srcset=\"https:\/\/blogdorogeriogomes.com.br\/noticias\/wp-content\/uploads\/2022\/12\/1_sarto_entrega_projeto_beira_rio_na_barra_do_ceara_aerea_9-20632993.jpg 800w, https:\/\/blogdorogeriogomes.com.br\/noticias\/wp-content\/uploads\/2022\/12\/1_sarto_entrega_projeto_beira_rio_na_barra_do_ceara_aerea_9-20632993-300x225.jpg 300w, https:\/\/blogdorogeriogomes.com.br\/noticias\/wp-content\/uploads\/2022\/12\/1_sarto_entrega_projeto_beira_rio_na_barra_do_ceara_aerea_9-20632993-768x576.jpg 768w, https:\/\/blogdorogeriogomes.com.br\/noticias\/wp-content\/uploads\/2022\/12\/1_sarto_entrega_projeto_beira_rio_na_barra_do_ceara_aerea_9-20632993-400x300.jpg 400w\" sizes=\"auto, (max-width: 800px) 100vw, 800px\" \/><\/figure>\n","protected":false},"excerpt":{"rendered":"<p>A Prefeitura de Fortaleza entregou o projeto Beira-Rio, que requalificou a orla da Barra do Cear\u00e1.&nbsp;A obra \u00e9 respons\u00e1vel pela urbaniza\u00e7\u00e3o da Av. Radialista Jos\u00e9 Lima Verde, desde a Av. Ulisses Guimar\u00e3es (ponte) at\u00e9 a Rua Jos\u00e9 Roberto Sales, com a pavimenta\u00e7\u00e3o asf\u00e1ltica da via e a constru\u00e7\u00e3o de amplo cal\u00e7ad\u00e3o contornando toda a orla e sendo integrado ao&nbsp;Projeto Vila do Mar, no Pirambu.O local tamb\u00e9m recebeu nova ilumina\u00e7\u00e3o, mobili\u00e1rios urbanos, paisagismo e a constru\u00e7\u00e3o de 10 boxes e&hellip;<\/p>\n","protected":false},"author":1,"featured_media":0,"comment_status":"open","ping_status":"open","sticky":false,"template":"","format":"standard","meta":{"footnotes":""},"categories":[1],"tags":[],"class_list":["post-27866","post","type-post","status-publish","format-standard","hentry","category-noticias"],"_links":{"self":[{"href":"https:\/\/blogdorogeriogomes.com.br\/noticias\/wp-json\/wp\/v2\/posts\/27866","targetHints":{"allow":["GET"]}}],"collection":[{"href":"https:\/\/blogdorogeriogomes.com.br\/noticias\/wp-json\/wp\/v2\/posts"}],"about":[{"href":"https:\/\/blogdorogeriogomes.com.br\/noticias\/wp-json\/wp\/v2\/types\/post"}],"author":[{"embeddable":true,"href":"https:\/\/blogdorogeriogomes.com.br\/noticias\/wp-json\/wp\/v2\/users\/1"}],"replies":[{"embeddable":true,"href":"https:\/\/blogdorogeriogomes.com.br\/noticias\/wp-json\/wp\/v2\/comments?post=27866"}],"version-history":[{"count":1,"href":"https:\/\/blogdorogeriogomes.com.br\/noticias\/wp-json\/wp\/v2\/posts\/27866\/revisions"}],"predecessor-version":[{"id":27868,"href":"https:\/\/blogdorogeriogomes.com.br\/noticias\/wp-json\/wp\/v2\/posts\/27866\/revisions\/27868"}],"wp:attachment":[{"href":"https:\/\/blogdorogeriogomes.com.br\/noticias\/wp-json\/wp\/v2\/media?parent=27866"}],"wp:term":[{"taxonomy":"category","embeddable":true,"href":"https:\/\/blogdorogeriogomes.com.br\/noticias\/wp-json\/wp\/v2\/categories?post=27866"},{"taxonomy":"post_tag","embeddable":true,"href":"https:\/\/blogdorogeriogomes.com.br\/noticias\/wp-json\/wp\/v2\/tags?post=27866"}],"curies":[{"name":"wp","href":"https:\/\/api.w.org\/{rel}","templated":true}]}}