{"id":27869,"date":"2022-12-24T11:40:10","date_gmt":"2022-12-24T11:40:10","guid":{"rendered":"https:\/\/blogdorogeriogomes.com.br\/?p=27869"},"modified":"2023-01-02T11:33:36","modified_gmt":"2023-01-02T11:33:36","slug":"bolsonaro-decide-viajar-para-resort-de-trump-nos-eua-e-nao-entregar-faixa-presidencial-a-lula","status":"publish","type":"post","link":"https:\/\/blogdorogeriogomes.com.br\/noticias\/2022\/12\/bolsonaro-decide-viajar-para-resort-de-trump-nos-eua-e-nao-entregar-faixa-presidencial-a-lula\/","title":{"rendered":"Bolsonaro decide viajar para resort de Trump nos EUA e n\u00e3o entregar faixa presidencial a Lula"},"content":{"rendered":"\n<p>Numa clara demonstra\u00e7\u00e3o de falta de esp\u00edrito democr\u00e1tico, bem comum em pessoas que n\u00e3o sabem reconhecer derrotas na pol\u00edtica, o presidente Jair Bolsonaro (PL) decidiu que n\u00e3o vai entregar a faixa presidencial ao presidente eleito Luiz In\u00e1cio Lula da Silva (PT), no dia 1\u00b0 de janeiro de 2023, em Bras\u00edlia. Bolsonaro vai passar uma temporada de um a dois meses no resort de luxo do ex-presidente Donald Trump, na Fl\u00f3rida (EUA). A viagem de Bolsonaro est\u00e1 programada para o pr\u00f3ximo dia 28 de dezembro. Por este motivo, os pr\u00f3ximos dias s\u00e3o de desocupa\u00e7\u00e3o do Pal\u00e1cio da Alvorada, na Capital Federal.<br>Enquanto isso, quase 20 chefes de Estado j\u00e1 confirmaram presen\u00e7a na posse de Lula, entre eles, os presidentes da Alemanha, de Angola, da Argentina, da Bol\u00edvia, Cabo Verde, Chile, Col\u00f4mbia, Equador, o rei da Espanha, os presidentes da Guiana, de Guin\u00e9 Bissau, Paraguai, Portugal, Suriname, Timor Leste, Uruguai e Zimb\u00e1bue.<br>Al\u00e9m da posse, Bras\u00edlia vai receber o Festival do Futuro, com shows populares e abertos ao p\u00fablico . O evento musical ter\u00e1 dois palcos com apresenta\u00e7\u00e3o de dezenas de artistas, como BaianaSystem,<br>Duda Beat, Fernanda Takai, Gaby Amarantos, Geraldo Azevedo, Kleber Lucas, Margareth Menezes, Maria Rita,<br>Martinho da Vila, Odair Jos\u00e9, Otto, Pablo Vittar, Paulinho da Viola, Paulo Miklos,<br>Valesca Popozuda, Z\u00e9lia Duncan, entre outros.<\/p>\n\n\n\n<figure class=\"wp-block-image size-full\"><img loading=\"lazy\" decoding=\"async\" width=\"695\" height=\"441\" src=\"https:\/\/blogdorogeriogomes.com.br\/wp-content\/uploads\/2022\/12\/images-20.jpeg\" alt=\"\" class=\"wp-image-27870\" srcset=\"https:\/\/blogdorogeriogomes.com.br\/noticias\/wp-content\/uploads\/2022\/12\/images-20.jpeg 695w, https:\/\/blogdorogeriogomes.com.br\/noticias\/wp-content\/uploads\/2022\/12\/images-20-300x190.jpeg 300w, https:\/\/blogdorogeriogomes.com.br\/noticias\/wp-content\/uploads\/2022\/12\/images-20-320x202.jpeg 320w\" sizes=\"auto, (max-width: 695px) 100vw, 695px\" \/><\/figure>\n","protected":false},"excerpt":{"rendered":"<p>Numa clara demonstra\u00e7\u00e3o de falta de esp\u00edrito democr\u00e1tico, bem comum em pessoas que n\u00e3o sabem reconhecer derrotas na pol\u00edtica, o presidente Jair Bolsonaro (PL) decidiu que n\u00e3o vai entregar a faixa presidencial ao presidente eleito Luiz In\u00e1cio Lula da Silva (PT), no dia 1\u00b0 de janeiro de 2023, em Bras\u00edlia. Bolsonaro vai passar uma temporada de um a dois meses no resort de luxo do ex-presidente Donald Trump, na Fl\u00f3rida (EUA). A viagem de Bolsonaro est\u00e1 programada para o&hellip;<\/p>\n","protected":false},"author":1,"featured_media":27870,"comment_status":"open","ping_status":"open","sticky":false,"template":"","format":"standard","meta":{"footnotes":""},"categories":[1],"tags":[],"class_list":["post-27869","post","type-post","status-publish","format-standard","has-post-thumbnail","hentry","category-noticias"],"_links":{"self":[{"href":"https:\/\/blogdorogeriogomes.com.br\/noticias\/wp-json\/wp\/v2\/posts\/27869","targetHints":{"allow":["GET"]}}],"collection":[{"href":"https:\/\/blogdorogeriogomes.com.br\/noticias\/wp-json\/wp\/v2\/posts"}],"about":[{"href":"https:\/\/blogdorogeriogomes.com.br\/noticias\/wp-json\/wp\/v2\/types\/post"}],"author":[{"embeddable":true,"href":"https:\/\/blogdorogeriogomes.com.br\/noticias\/wp-json\/wp\/v2\/users\/1"}],"replies":[{"embeddable":true,"href":"https:\/\/blogdorogeriogomes.com.br\/noticias\/wp-json\/wp\/v2\/comments?post=27869"}],"version-history":[{"count":1,"href":"https:\/\/blogdorogeriogomes.com.br\/noticias\/wp-json\/wp\/v2\/posts\/27869\/revisions"}],"predecessor-version":[{"id":27871,"href":"https:\/\/blogdorogeriogomes.com.br\/noticias\/wp-json\/wp\/v2\/posts\/27869\/revisions\/27871"}],"wp:featuredmedia":[{"embeddable":true,"href":"https:\/\/blogdorogeriogomes.com.br\/noticias\/wp-json\/wp\/v2\/media\/27870"}],"wp:attachment":[{"href":"https:\/\/blogdorogeriogomes.com.br\/noticias\/wp-json\/wp\/v2\/media?parent=27869"}],"wp:term":[{"taxonomy":"category","embeddable":true,"href":"https:\/\/blogdorogeriogomes.com.br\/noticias\/wp-json\/wp\/v2\/categories?post=27869"},{"taxonomy":"post_tag","embeddable":true,"href":"https:\/\/blogdorogeriogomes.com.br\/noticias\/wp-json\/wp\/v2\/tags?post=27869"}],"curies":[{"name":"wp","href":"https:\/\/api.w.org\/{rel}","templated":true}]}}