{"id":27872,"date":"2022-12-26T14:33:23","date_gmt":"2022-12-26T14:33:23","guid":{"rendered":"https:\/\/blogdorogeriogomes.com.br\/?p=27872"},"modified":"2023-01-02T11:33:28","modified_gmt":"2023-01-02T11:33:28","slug":"izolda-e-elmano-anunciam-a-nomeacao-de-800-novos-professores-para-9-de-janeiro","status":"publish","type":"post","link":"https:\/\/blogdorogeriogomes.com.br\/noticias\/2022\/12\/izolda-e-elmano-anunciam-a-nomeacao-de-800-novos-professores-para-9-de-janeiro\/","title":{"rendered":"Izolda e Elmano anunciam a nomea\u00e7\u00e3o de 800 novos professores para 9 de janeiro"},"content":{"rendered":"\n<p>A governadora do Cear\u00e1, Izolda Cela, e o governador eleito Elmano de Freitas (PT) anunciaram nesta segunda-feira, dia 26 de dezembro, a nomea\u00e7\u00e3o de 800 novos professores do cadastro de reserva do \u00faltimo concurso p\u00fablico realizado pela Secretaria de Educa\u00e7\u00e3o do Estado. A solenidade de posse j\u00e1 ser\u00e1 comandada por Elmano de Freitas no dia 9 de janeiro de 2023.<br>Elmano toma posse como governador do Cear\u00e1 no dia 1\u00b0 de janeiro, no Pal\u00e1cio da Aboli\u00e7\u00e3o. A cerim\u00f4nia est\u00e1 prevista para \u00e0s 7 horas da manh\u00e3. Isto porque Elmano de Freitas e a vice Jade Romero v\u00e3o viajar \u00e0s 13 horas para Bras\u00edlia, a fim de participar da posse do presidente Lula (PT) e do futuro ministro da Educa\u00e7\u00e3o, Camilo Santana (PT).<\/p>\n\n\n\n<figure class=\"wp-block-image size-full\"><img loading=\"lazy\" decoding=\"async\" width=\"687\" height=\"446\" src=\"https:\/\/blogdorogeriogomes.com.br\/wp-content\/uploads\/2022\/12\/images-21.jpeg\" alt=\"\" class=\"wp-image-27873\" srcset=\"https:\/\/blogdorogeriogomes.com.br\/noticias\/wp-content\/uploads\/2022\/12\/images-21.jpeg 687w, https:\/\/blogdorogeriogomes.com.br\/noticias\/wp-content\/uploads\/2022\/12\/images-21-300x195.jpeg 300w\" sizes=\"auto, (max-width: 687px) 100vw, 687px\" \/><\/figure>\n","protected":false},"excerpt":{"rendered":"<p>A governadora do Cear\u00e1, Izolda Cela, e o governador eleito Elmano de Freitas (PT) anunciaram nesta segunda-feira, dia 26 de dezembro, a nomea\u00e7\u00e3o de 800 novos professores do cadastro de reserva do \u00faltimo concurso p\u00fablico realizado pela Secretaria de Educa\u00e7\u00e3o do Estado. A solenidade de posse j\u00e1 ser\u00e1 comandada por Elmano de Freitas no dia 9 de janeiro de 2023.Elmano toma posse como governador do Cear\u00e1 no dia 1\u00b0 de janeiro, no Pal\u00e1cio da Aboli\u00e7\u00e3o. A cerim\u00f4nia est\u00e1 prevista&hellip;<\/p>\n","protected":false},"author":1,"featured_media":27873,"comment_status":"open","ping_status":"open","sticky":false,"template":"","format":"standard","meta":{"footnotes":""},"categories":[1],"tags":[],"class_list":["post-27872","post","type-post","status-publish","format-standard","has-post-thumbnail","hentry","category-noticias"],"_links":{"self":[{"href":"https:\/\/blogdorogeriogomes.com.br\/noticias\/wp-json\/wp\/v2\/posts\/27872","targetHints":{"allow":["GET"]}}],"collection":[{"href":"https:\/\/blogdorogeriogomes.com.br\/noticias\/wp-json\/wp\/v2\/posts"}],"about":[{"href":"https:\/\/blogdorogeriogomes.com.br\/noticias\/wp-json\/wp\/v2\/types\/post"}],"author":[{"embeddable":true,"href":"https:\/\/blogdorogeriogomes.com.br\/noticias\/wp-json\/wp\/v2\/users\/1"}],"replies":[{"embeddable":true,"href":"https:\/\/blogdorogeriogomes.com.br\/noticias\/wp-json\/wp\/v2\/comments?post=27872"}],"version-history":[{"count":1,"href":"https:\/\/blogdorogeriogomes.com.br\/noticias\/wp-json\/wp\/v2\/posts\/27872\/revisions"}],"predecessor-version":[{"id":27874,"href":"https:\/\/blogdorogeriogomes.com.br\/noticias\/wp-json\/wp\/v2\/posts\/27872\/revisions\/27874"}],"wp:featuredmedia":[{"embeddable":true,"href":"https:\/\/blogdorogeriogomes.com.br\/noticias\/wp-json\/wp\/v2\/media\/27873"}],"wp:attachment":[{"href":"https:\/\/blogdorogeriogomes.com.br\/noticias\/wp-json\/wp\/v2\/media?parent=27872"}],"wp:term":[{"taxonomy":"category","embeddable":true,"href":"https:\/\/blogdorogeriogomes.com.br\/noticias\/wp-json\/wp\/v2\/categories?post=27872"},{"taxonomy":"post_tag","embeddable":true,"href":"https:\/\/blogdorogeriogomes.com.br\/noticias\/wp-json\/wp\/v2\/tags?post=27872"}],"curies":[{"name":"wp","href":"https:\/\/api.w.org\/{rel}","templated":true}]}}