{"id":27875,"date":"2022-12-28T11:23:35","date_gmt":"2022-12-28T11:23:35","guid":{"rendered":"https:\/\/blogdorogeriogomes.com.br\/?p=27875"},"modified":"2023-01-02T11:33:18","modified_gmt":"2023-01-02T11:33:18","slug":"governador-eleito-elmano-de-freitas-anuncia-mais-quatro-nomes-para-secretariado-estadual","status":"publish","type":"post","link":"https:\/\/blogdorogeriogomes.com.br\/noticias\/2022\/12\/governador-eleito-elmano-de-freitas-anuncia-mais-quatro-nomes-para-secretariado-estadual\/","title":{"rendered":"Governador eleito Elmano de Freitas anuncia mais quatro nomes para secretariado estadual"},"content":{"rendered":"\n<p>O governador eleito Elmano de Freitas (PT) anunciou mais quatro nomes para o secretariado estadual, que toma posse no pr\u00f3ximo dia 1\u00b0 de janeiro, no Pal\u00e1cio da Aboli\u00e7\u00e3o.<br>Sandra Machado foi confirmada como secret\u00e1ria do Planejamento e Gest\u00e3o (Seplag). Fabrizio Gomes fica como secret\u00e1rio da Fazenda. Eliana Estrela permanece como secret\u00e1ria da Educa\u00e7\u00e3o e Adelita Monteiro ser\u00e1 secret\u00e1ria da Juventude.<br>Outros sete secret\u00e1rios j\u00e1 tinham sido anunciados por Elmano: Sa\u00fade &#8211; T\u00e2nia Mara Coelho; Seguran\u00e7a P\u00fablica &#8211; Samuel Elanio; Administra\u00e7\u00e3o Penitenci\u00e1ria &#8211; Mauro Albuquerque; Controladoria Geral de Disciplina &#8211; Rodrigo Bona Carneiro; Prote\u00e7\u00e3o Social &#8211; Onelia Santana; Procuradoria Geral do Estado &#8211; Rafael Machado Moraes e Cultura &#8211; Lu\u00edsa Cela.<\/p>\n\n\n\n<figure class=\"wp-block-image size-full\"><img loading=\"lazy\" decoding=\"async\" width=\"984\" height=\"554\" src=\"https:\/\/blogdorogeriogomes.com.br\/wp-content\/uploads\/2022\/12\/27b59af1-59e4-41b3-906a-ec79dc0c3842.jpg\" alt=\"\" class=\"wp-image-27876\" srcset=\"https:\/\/blogdorogeriogomes.com.br\/noticias\/wp-content\/uploads\/2022\/12\/27b59af1-59e4-41b3-906a-ec79dc0c3842.jpg 984w, https:\/\/blogdorogeriogomes.com.br\/noticias\/wp-content\/uploads\/2022\/12\/27b59af1-59e4-41b3-906a-ec79dc0c3842-300x169.jpg 300w, https:\/\/blogdorogeriogomes.com.br\/noticias\/wp-content\/uploads\/2022\/12\/27b59af1-59e4-41b3-906a-ec79dc0c3842-768x432.jpg 768w, https:\/\/blogdorogeriogomes.com.br\/noticias\/wp-content\/uploads\/2022\/12\/27b59af1-59e4-41b3-906a-ec79dc0c3842-800x450.jpg 800w\" sizes=\"auto, (max-width: 984px) 100vw, 984px\" \/><\/figure>\n","protected":false},"excerpt":{"rendered":"<p>O governador eleito Elmano de Freitas (PT) anunciou mais quatro nomes para o secretariado estadual, que toma posse no pr\u00f3ximo dia 1\u00b0 de janeiro, no Pal\u00e1cio da Aboli\u00e7\u00e3o.Sandra Machado foi confirmada como secret\u00e1ria do Planejamento e Gest\u00e3o (Seplag). Fabrizio Gomes fica como secret\u00e1rio da Fazenda. Eliana Estrela permanece como secret\u00e1ria da Educa\u00e7\u00e3o e Adelita Monteiro ser\u00e1 secret\u00e1ria da Juventude.Outros sete secret\u00e1rios j\u00e1 tinham sido anunciados por Elmano: Sa\u00fade &#8211; T\u00e2nia Mara Coelho; Seguran\u00e7a P\u00fablica &#8211; Samuel Elanio; Administra\u00e7\u00e3o Penitenci\u00e1ria&hellip;<\/p>\n","protected":false},"author":1,"featured_media":27876,"comment_status":"open","ping_status":"open","sticky":false,"template":"","format":"standard","meta":{"footnotes":""},"categories":[1],"tags":[],"class_list":["post-27875","post","type-post","status-publish","format-standard","has-post-thumbnail","hentry","category-noticias"],"_links":{"self":[{"href":"https:\/\/blogdorogeriogomes.com.br\/noticias\/wp-json\/wp\/v2\/posts\/27875","targetHints":{"allow":["GET"]}}],"collection":[{"href":"https:\/\/blogdorogeriogomes.com.br\/noticias\/wp-json\/wp\/v2\/posts"}],"about":[{"href":"https:\/\/blogdorogeriogomes.com.br\/noticias\/wp-json\/wp\/v2\/types\/post"}],"author":[{"embeddable":true,"href":"https:\/\/blogdorogeriogomes.com.br\/noticias\/wp-json\/wp\/v2\/users\/1"}],"replies":[{"embeddable":true,"href":"https:\/\/blogdorogeriogomes.com.br\/noticias\/wp-json\/wp\/v2\/comments?post=27875"}],"version-history":[{"count":1,"href":"https:\/\/blogdorogeriogomes.com.br\/noticias\/wp-json\/wp\/v2\/posts\/27875\/revisions"}],"predecessor-version":[{"id":27877,"href":"https:\/\/blogdorogeriogomes.com.br\/noticias\/wp-json\/wp\/v2\/posts\/27875\/revisions\/27877"}],"wp:featuredmedia":[{"embeddable":true,"href":"https:\/\/blogdorogeriogomes.com.br\/noticias\/wp-json\/wp\/v2\/media\/27876"}],"wp:attachment":[{"href":"https:\/\/blogdorogeriogomes.com.br\/noticias\/wp-json\/wp\/v2\/media?parent=27875"}],"wp:term":[{"taxonomy":"category","embeddable":true,"href":"https:\/\/blogdorogeriogomes.com.br\/noticias\/wp-json\/wp\/v2\/categories?post=27875"},{"taxonomy":"post_tag","embeddable":true,"href":"https:\/\/blogdorogeriogomes.com.br\/noticias\/wp-json\/wp\/v2\/tags?post=27875"}],"curies":[{"name":"wp","href":"https:\/\/api.w.org\/{rel}","templated":true}]}}