{"id":27878,"date":"2022-12-28T11:25:47","date_gmt":"2022-12-28T11:25:47","guid":{"rendered":"https:\/\/blogdorogeriogomes.com.br\/?p=27878"},"modified":"2023-01-02T11:33:11","modified_gmt":"2023-01-02T11:33:11","slug":"ceara-emplaca-comando-da-educacao-no-pais-a-partir-de-janeiro","status":"publish","type":"post","link":"https:\/\/blogdorogeriogomes.com.br\/noticias\/2022\/12\/ceara-emplaca-comando-da-educacao-no-pais-a-partir-de-janeiro\/","title":{"rendered":"Cear\u00e1 emplaca comando da educa\u00e7\u00e3o no Pa\u00eds a partir de janeiro"},"content":{"rendered":"\n<p>A partir de janeiro, o Cear\u00e1 emplaca o comando do Minist\u00e9rio da Educa\u00e7\u00e3o, tendo \u00e0 frente o senador eleito e ex-governador Camilo Santana (PT). Camilo confirmou que outras duas cearenses estar\u00e3o no comando dos dois principais cargos da pasta. A atual governadora Izolda Cela vai assumir como secretaria-executiva do Minist\u00e9rio da Educa\u00e7\u00e3o. Ser\u00e1 a n\u00famero 2 do Minist\u00e9rio ao lado de Camilo. &#8220;A determina\u00e7\u00e3o do presidente Lula \u00e9 reestruturar o Minist\u00e9rio que foi bastante afetado durante o governo Bolsonaro, que n\u00e3o deu prioridade \u00e0 educa\u00e7\u00e3o&#8221;, disse Camilo Santana.<br>J\u00e1 a atual secret\u00e1ria da Fazenda do Cear\u00e1, Fernanda Pacobayba, foi convidada para assumir o Fundo Nacional de Desenvolvimento da Educa\u00e7\u00e3o (FNDE), que ger\u00eancia recursos provenientes de impostos e das transfer\u00eancias da Uni\u00e3o, estados, Distrito Federal e munic\u00edpios e que devem alcan\u00e7ar R$ 54 bilh\u00f5es do Or\u00e7amento 2023.<\/p>\n\n\n\n<figure class=\"wp-block-image size-large\"><img loading=\"lazy\" decoding=\"async\" width=\"1024\" height=\"630\" src=\"https:\/\/blogdorogeriogomes.com.br\/wp-content\/uploads\/2022\/12\/camilo_izolda_pacobahyba-20657467-1024x630.png\" alt=\"\" class=\"wp-image-27879\" srcset=\"https:\/\/blogdorogeriogomes.com.br\/noticias\/wp-content\/uploads\/2022\/12\/camilo_izolda_pacobahyba-20657467-1024x630.png 1024w, https:\/\/blogdorogeriogomes.com.br\/noticias\/wp-content\/uploads\/2022\/12\/camilo_izolda_pacobahyba-20657467-300x185.png 300w, https:\/\/blogdorogeriogomes.com.br\/noticias\/wp-content\/uploads\/2022\/12\/camilo_izolda_pacobahyba-20657467-768x473.png 768w, https:\/\/blogdorogeriogomes.com.br\/noticias\/wp-content\/uploads\/2022\/12\/camilo_izolda_pacobahyba-20657467-1536x946.png 1536w, https:\/\/blogdorogeriogomes.com.br\/noticias\/wp-content\/uploads\/2022\/12\/camilo_izolda_pacobahyba-20657467-800x493.png 800w, https:\/\/blogdorogeriogomes.com.br\/noticias\/wp-content\/uploads\/2022\/12\/camilo_izolda_pacobahyba-20657467.png 1920w\" sizes=\"auto, (max-width: 1024px) 100vw, 1024px\" \/><\/figure>\n","protected":false},"excerpt":{"rendered":"<p>A partir de janeiro, o Cear\u00e1 emplaca o comando do Minist\u00e9rio da Educa\u00e7\u00e3o, tendo \u00e0 frente o senador eleito e ex-governador Camilo Santana (PT). Camilo confirmou que outras duas cearenses estar\u00e3o no comando dos dois principais cargos da pasta. A atual governadora Izolda Cela vai assumir como secretaria-executiva do Minist\u00e9rio da Educa\u00e7\u00e3o. Ser\u00e1 a n\u00famero 2 do Minist\u00e9rio ao lado de Camilo. &#8220;A determina\u00e7\u00e3o do presidente Lula \u00e9 reestruturar o Minist\u00e9rio que foi bastante afetado durante o governo Bolsonaro,&hellip;<\/p>\n","protected":false},"author":1,"featured_media":27879,"comment_status":"open","ping_status":"open","sticky":false,"template":"","format":"standard","meta":{"footnotes":""},"categories":[1],"tags":[],"class_list":["post-27878","post","type-post","status-publish","format-standard","has-post-thumbnail","hentry","category-noticias"],"_links":{"self":[{"href":"https:\/\/blogdorogeriogomes.com.br\/noticias\/wp-json\/wp\/v2\/posts\/27878","targetHints":{"allow":["GET"]}}],"collection":[{"href":"https:\/\/blogdorogeriogomes.com.br\/noticias\/wp-json\/wp\/v2\/posts"}],"about":[{"href":"https:\/\/blogdorogeriogomes.com.br\/noticias\/wp-json\/wp\/v2\/types\/post"}],"author":[{"embeddable":true,"href":"https:\/\/blogdorogeriogomes.com.br\/noticias\/wp-json\/wp\/v2\/users\/1"}],"replies":[{"embeddable":true,"href":"https:\/\/blogdorogeriogomes.com.br\/noticias\/wp-json\/wp\/v2\/comments?post=27878"}],"version-history":[{"count":1,"href":"https:\/\/blogdorogeriogomes.com.br\/noticias\/wp-json\/wp\/v2\/posts\/27878\/revisions"}],"predecessor-version":[{"id":27880,"href":"https:\/\/blogdorogeriogomes.com.br\/noticias\/wp-json\/wp\/v2\/posts\/27878\/revisions\/27880"}],"wp:featuredmedia":[{"embeddable":true,"href":"https:\/\/blogdorogeriogomes.com.br\/noticias\/wp-json\/wp\/v2\/media\/27879"}],"wp:attachment":[{"href":"https:\/\/blogdorogeriogomes.com.br\/noticias\/wp-json\/wp\/v2\/media?parent=27878"}],"wp:term":[{"taxonomy":"category","embeddable":true,"href":"https:\/\/blogdorogeriogomes.com.br\/noticias\/wp-json\/wp\/v2\/categories?post=27878"},{"taxonomy":"post_tag","embeddable":true,"href":"https:\/\/blogdorogeriogomes.com.br\/noticias\/wp-json\/wp\/v2\/tags?post=27878"}],"curies":[{"name":"wp","href":"https:\/\/api.w.org\/{rel}","templated":true}]}}