{"id":27884,"date":"2022-12-29T08:59:28","date_gmt":"2022-12-29T08:59:28","guid":{"rendered":"https:\/\/blogdorogeriogomes.com.br\/?p=27884"},"modified":"2023-01-02T11:32:57","modified_gmt":"2023-01-02T11:32:57","slug":"caged-mostra-o-ceara-em-2-lugar-no-nordeste-em-geracao-de-empregos-no-mes-de-namoro","status":"publish","type":"post","link":"https:\/\/blogdorogeriogomes.com.br\/noticias\/2022\/12\/caged-mostra-o-ceara-em-2-lugar-no-nordeste-em-geracao-de-empregos-no-mes-de-namoro\/","title":{"rendered":"Caged mostra o Cear\u00e1 em 2\u00b0 lugar no Nordeste em gera\u00e7\u00e3o de empregos no m\u00eas de namoro"},"content":{"rendered":"\n<p>O Cear\u00e1 fechou o m\u00eas de novembro em segundo lugar do Nordeste em n\u00famero de empregos formais gerados, de acordo com dados do Cadastro Geral de Empregados e Desempregados (Caged) divulgados nesta quarta-feira, dia 28 de dezembro. Com saldo positivo de 6.554 novos postos de trabalho, o estado ficou atr\u00e1s apenas de Pernambuco que teve 8.290 empregos gerados.<br>Segundo o prefeito Jos\u00e9 Sarto (PDT), Fortaleza assumiu a lideran\u00e7a absoluta entre as capitais do Norte e Nordeste na gera\u00e7\u00e3o de empregos. &#8220;Nossa cidade criou 5.708 novas vagas em novembro, liderando o saldo pelo d\u00e9cimo m\u00eas consecutivo. Considerando todo o Pa\u00eds, ficamos em terceiro lugar entre as capitais. Os setores de servi\u00e7os e com\u00e9rcio foram os que mais criaram postos de trabalho&#8221;, disse.<\/p>\n\n\n\n<p>Em tempo: a Prefeitura de Fortaleza antecipou o pagamento dos sal\u00e1rios dos servidores p\u00fablicos municipais desde a zero hora desta quinta-feira, dia 29. Foram beneficiados 57.119 servidores, aposentados e pensionistas, injetando na economia quase R$ 441 milh\u00f5es de reais referentes \u00e0 folha do m\u00eas de dezembro.<\/p>\n\n\n\n<figure class=\"wp-block-image size-large\"><img loading=\"lazy\" decoding=\"async\" width=\"1024\" height=\"684\" src=\"https:\/\/blogdorogeriogomes.com.br\/wp-content\/uploads\/2022\/12\/IMG-20221229-WA0001-1024x684.jpg\" alt=\"\" class=\"wp-image-27885\" srcset=\"https:\/\/blogdorogeriogomes.com.br\/noticias\/wp-content\/uploads\/2022\/12\/IMG-20221229-WA0001-1024x684.jpg 1024w, https:\/\/blogdorogeriogomes.com.br\/noticias\/wp-content\/uploads\/2022\/12\/IMG-20221229-WA0001-300x200.jpg 300w, https:\/\/blogdorogeriogomes.com.br\/noticias\/wp-content\/uploads\/2022\/12\/IMG-20221229-WA0001-768x513.jpg 768w, https:\/\/blogdorogeriogomes.com.br\/noticias\/wp-content\/uploads\/2022\/12\/IMG-20221229-WA0001-800x534.jpg 800w, https:\/\/blogdorogeriogomes.com.br\/noticias\/wp-content\/uploads\/2022\/12\/IMG-20221229-WA0001.jpg 1069w\" sizes=\"auto, (max-width: 1024px) 100vw, 1024px\" \/><\/figure>\n","protected":false},"excerpt":{"rendered":"<p>O Cear\u00e1 fechou o m\u00eas de novembro em segundo lugar do Nordeste em n\u00famero de empregos formais gerados, de acordo com dados do Cadastro Geral de Empregados e Desempregados (Caged) divulgados nesta quarta-feira, dia 28 de dezembro. Com saldo positivo de 6.554 novos postos de trabalho, o estado ficou atr\u00e1s apenas de Pernambuco que teve 8.290 empregos gerados.Segundo o prefeito Jos\u00e9 Sarto (PDT), Fortaleza assumiu a lideran\u00e7a absoluta entre as capitais do Norte e Nordeste na gera\u00e7\u00e3o de empregos.&hellip;<\/p>\n","protected":false},"author":1,"featured_media":27885,"comment_status":"open","ping_status":"open","sticky":false,"template":"","format":"standard","meta":{"footnotes":""},"categories":[1],"tags":[],"class_list":["post-27884","post","type-post","status-publish","format-standard","has-post-thumbnail","hentry","category-noticias"],"_links":{"self":[{"href":"https:\/\/blogdorogeriogomes.com.br\/noticias\/wp-json\/wp\/v2\/posts\/27884","targetHints":{"allow":["GET"]}}],"collection":[{"href":"https:\/\/blogdorogeriogomes.com.br\/noticias\/wp-json\/wp\/v2\/posts"}],"about":[{"href":"https:\/\/blogdorogeriogomes.com.br\/noticias\/wp-json\/wp\/v2\/types\/post"}],"author":[{"embeddable":true,"href":"https:\/\/blogdorogeriogomes.com.br\/noticias\/wp-json\/wp\/v2\/users\/1"}],"replies":[{"embeddable":true,"href":"https:\/\/blogdorogeriogomes.com.br\/noticias\/wp-json\/wp\/v2\/comments?post=27884"}],"version-history":[{"count":1,"href":"https:\/\/blogdorogeriogomes.com.br\/noticias\/wp-json\/wp\/v2\/posts\/27884\/revisions"}],"predecessor-version":[{"id":27886,"href":"https:\/\/blogdorogeriogomes.com.br\/noticias\/wp-json\/wp\/v2\/posts\/27884\/revisions\/27886"}],"wp:featuredmedia":[{"embeddable":true,"href":"https:\/\/blogdorogeriogomes.com.br\/noticias\/wp-json\/wp\/v2\/media\/27885"}],"wp:attachment":[{"href":"https:\/\/blogdorogeriogomes.com.br\/noticias\/wp-json\/wp\/v2\/media?parent=27884"}],"wp:term":[{"taxonomy":"category","embeddable":true,"href":"https:\/\/blogdorogeriogomes.com.br\/noticias\/wp-json\/wp\/v2\/categories?post=27884"},{"taxonomy":"post_tag","embeddable":true,"href":"https:\/\/blogdorogeriogomes.com.br\/noticias\/wp-json\/wp\/v2\/tags?post=27884"}],"curies":[{"name":"wp","href":"https:\/\/api.w.org\/{rel}","templated":true}]}}