{"id":27896,"date":"2022-12-29T19:02:39","date_gmt":"2022-12-29T19:02:39","guid":{"rendered":"https:\/\/blogdorogeriogomes.com.br\/?p=27896"},"modified":"2023-01-02T11:32:26","modified_gmt":"2023-01-02T11:32:26","slug":"estacao-praia-acessivel-e-reinaugurada-na-praia-do-cumbuco-em-caucaia","status":"publish","type":"post","link":"https:\/\/blogdorogeriogomes.com.br\/noticias\/2022\/12\/estacao-praia-acessivel-e-reinaugurada-na-praia-do-cumbuco-em-caucaia\/","title":{"rendered":"Esta\u00e7\u00e3o Praia Acess\u00edvel \u00e9 reinaugurada na praia do Cumbuco, em Caucaia"},"content":{"rendered":"\n<p>Na manh\u00e3 desta quinta-feira, dia 29 de dezembro, na praia do Cumbuco, em Caucaia, foi reinaugurada a Esta\u00e7\u00e3o Praia Acess\u00edvel, que promove o acesso de pessoas com defici\u00eancia, mobilidade reduzida e de idosos \u00e0 praia. A esta\u00e7\u00e3o \u00e9 uma iniciativa do Governo do Estado, em parceria com a prefeitura de Caucaia, e oferece cadeiras flutuadoras, esteiras, piscinas, tendas e guarda-s\u00f3is. Al\u00e9m do acompanhamento de guarda-vidas e t\u00e9cnicos do munic\u00edpio. o atendimento acontece de quarta a domingo, das 9 \u00e0s 13 horas, e \u00e9 totalmente gratuito.<\/p>\n\n\n\n<p>O evento de reinaugura\u00e7\u00e3o contou com a presen\u00e7a da secret\u00e1ria de Turismo e Cultura, Yrwana Albuquerque; do secret\u00e1rio-executivo de Justi\u00e7a, Cidadania e Direitos Humanos, Sandro Camilo; vereadores, participantes da Associa\u00e7\u00e3o de Cegos do Cear\u00e1, idosos pertencentes aos CRAS de Caucaia e p\u00fablico geral.<\/p>\n\n\n\n<p>Raiane Brito, de 21 anos, que tem paralisia cerebral, usou a cadeira anf\u00edbia para tomar banho de mar e ficou maravilhada com a experi\u00eancia. \u201cEu achei incr\u00edvel participar do projeto. Quero voltar mais vezes\u201d, garantiu a mais nova usu\u00e1ria do Programa Praia Acess\u00edvel. A m\u00e3e de Raiane, Silvia Brito, acompanhou a filha em tudo e disse que a Raiane ter\u00e1 condi\u00e7\u00f5es de visitar a praia mais vezes. \u201cEu fico muito agradecida pelo que fizeram. Todos agora podem tomar um bom banho de mar e se divertir\u201d.<\/p>\n\n\n\n<p>A secret\u00e1ria da Setcult, Yrwana Albuquerque, destacou que o programa \u00e9 uma \u00f3tima oportunidade para que todos possam conhecer e desfrutar da praia do Cumbuco. &#8220;Trazer esse projeto para o Cumbuco enriquece a nossa Caucaia. A gente j\u00e1 d\u00e1 acesso ao nosso litoral atrav\u00e9s do transporte gratuito, e, com a Praia Acess\u00edvel, temos um olhar especial que vai promover ainda mais acesso \u00e0s praias. Juntamos turismo e mobilidade para realizar sonhos. Por isso, vamos proporcionar um banho de mar assistido, banho de piscina, jogos na areia, para que, juntos, possamos dar alegria para as pessoas com algum tipo de defici\u00eancia e mobilidade reduzida&#8221;, afirmou a secret\u00e1ria.<\/p>\n\n\n\n<p>&#8220;\u00c9 uma alegria reinaugurar essa Esta\u00e7\u00e3o Praia Acess\u00edvel no Cumbuco, e gostaria de frisar que a prefeitura de Caucaia teve um papel muito importante na implanta\u00e7\u00e3o desse projeto. J\u00e1 temos 6 esta\u00e7\u00f5es espalhadas pelo Estado e a parceria com o munic\u00edpio \u00e9 fundamental para o sucesso desse programa&#8221;, destacou Sandro.<\/p>\n\n\n\n<figure class=\"wp-block-image size-full\"><img loading=\"lazy\" decoding=\"async\" width=\"600\" height=\"450\" src=\"https:\/\/blogdorogeriogomes.com.br\/wp-content\/uploads\/2022\/12\/IMG-20221229-WA0072.jpg\" alt=\"\" class=\"wp-image-27897\" srcset=\"https:\/\/blogdorogeriogomes.com.br\/noticias\/wp-content\/uploads\/2022\/12\/IMG-20221229-WA0072.jpg 600w, https:\/\/blogdorogeriogomes.com.br\/noticias\/wp-content\/uploads\/2022\/12\/IMG-20221229-WA0072-300x225.jpg 300w, https:\/\/blogdorogeriogomes.com.br\/noticias\/wp-content\/uploads\/2022\/12\/IMG-20221229-WA0072-400x300.jpg 400w\" sizes=\"auto, (max-width: 600px) 100vw, 600px\" \/><\/figure>\n\n\n\n<p><\/p>\n","protected":false},"excerpt":{"rendered":"<p>Na manh\u00e3 desta quinta-feira, dia 29 de dezembro, na praia do Cumbuco, em Caucaia, foi reinaugurada a Esta\u00e7\u00e3o Praia Acess\u00edvel, que promove o acesso de pessoas com defici\u00eancia, mobilidade reduzida e de idosos \u00e0 praia. A esta\u00e7\u00e3o \u00e9 uma iniciativa do Governo do Estado, em parceria com a prefeitura de Caucaia, e oferece cadeiras flutuadoras, esteiras, piscinas, tendas e guarda-s\u00f3is. Al\u00e9m do acompanhamento de guarda-vidas e t\u00e9cnicos do munic\u00edpio. o atendimento acontece de quarta a domingo, das 9 \u00e0s&hellip;<\/p>\n","protected":false},"author":1,"featured_media":27897,"comment_status":"open","ping_status":"open","sticky":false,"template":"","format":"standard","meta":{"footnotes":""},"categories":[1],"tags":[],"class_list":["post-27896","post","type-post","status-publish","format-standard","has-post-thumbnail","hentry","category-noticias"],"_links":{"self":[{"href":"https:\/\/blogdorogeriogomes.com.br\/noticias\/wp-json\/wp\/v2\/posts\/27896","targetHints":{"allow":["GET"]}}],"collection":[{"href":"https:\/\/blogdorogeriogomes.com.br\/noticias\/wp-json\/wp\/v2\/posts"}],"about":[{"href":"https:\/\/blogdorogeriogomes.com.br\/noticias\/wp-json\/wp\/v2\/types\/post"}],"author":[{"embeddable":true,"href":"https:\/\/blogdorogeriogomes.com.br\/noticias\/wp-json\/wp\/v2\/users\/1"}],"replies":[{"embeddable":true,"href":"https:\/\/blogdorogeriogomes.com.br\/noticias\/wp-json\/wp\/v2\/comments?post=27896"}],"version-history":[{"count":1,"href":"https:\/\/blogdorogeriogomes.com.br\/noticias\/wp-json\/wp\/v2\/posts\/27896\/revisions"}],"predecessor-version":[{"id":27898,"href":"https:\/\/blogdorogeriogomes.com.br\/noticias\/wp-json\/wp\/v2\/posts\/27896\/revisions\/27898"}],"wp:featuredmedia":[{"embeddable":true,"href":"https:\/\/blogdorogeriogomes.com.br\/noticias\/wp-json\/wp\/v2\/media\/27897"}],"wp:attachment":[{"href":"https:\/\/blogdorogeriogomes.com.br\/noticias\/wp-json\/wp\/v2\/media?parent=27896"}],"wp:term":[{"taxonomy":"category","embeddable":true,"href":"https:\/\/blogdorogeriogomes.com.br\/noticias\/wp-json\/wp\/v2\/categories?post=27896"},{"taxonomy":"post_tag","embeddable":true,"href":"https:\/\/blogdorogeriogomes.com.br\/noticias\/wp-json\/wp\/v2\/tags?post=27896"}],"curies":[{"name":"wp","href":"https:\/\/api.w.org\/{rel}","templated":true}]}}