{"id":27899,"date":"2022-12-30T11:03:19","date_gmt":"2022-12-30T11:03:19","guid":{"rendered":"https:\/\/blogdorogeriogomes.com.br\/?p=27899"},"modified":"2023-01-02T11:32:18","modified_gmt":"2023-01-02T11:32:18","slug":"elmano-de-freitas-define-mais-12-secretarios-estaduais","status":"publish","type":"post","link":"https:\/\/blogdorogeriogomes.com.br\/noticias\/2022\/12\/elmano-de-freitas-define-mais-12-secretarios-estaduais\/","title":{"rendered":"Elmano de Freitas define mais 12 secret\u00e1rios estaduais"},"content":{"rendered":"\n<p>O governador eleito Elmano de Freitas (PT) apontou mais 12 secret\u00e1rios que far\u00e3o parte da sua gest\u00e3o a partir de 1\u00b0 de janeiro de 2023. O deputado estadual reeleito Salmito Filho (PDT) foi anunciado secret\u00e1rio do Desenvolvimento Econ\u00f4mico.&nbsp;Yrwana Albuquerque fica na Secretaria do Turismo.<br>Tamb\u00e9m deputado estadual reeleito, Mois\u00e9s Braz (PT) foi confirmado na Secretaria de Desenvolvimento Agr\u00e1rio.&nbsp;Na chefia da Secretaria do Meio Ambiente, no pr\u00f3ximo mandato, fica Vilma Freire.&nbsp;<br>Na secretaria do Trabalho foi anunciado Vladyson Viana. Para a secretaria dos Povos Ind\u00edgenas foi anunciada a professora Juliana Alves. Rog\u00e9rio Pinheiro foi indicado para a secretaria de Esporte.&nbsp;<br>A vice-governadora eleita, Jade Romero, vai ocupar a secretaria das Mulheres.&nbsp;Alo\u00edsio Carvalho foi anunciado para a Controladoria e Ouvidoria Geral do Estado (CGE). Para a secretaria da Igualdade Racial foi anunciada Zelma Madeira.&nbsp;<br>O deputado federal reeleito, Rob\u00e9rio Monteiro (PDT), foi escolhido para comandar a secretaria dos Recursos H\u00eddricos. Reeleito deputado estadual, Zezinho Albuquerque (PP) volta ao comando da secretaria das Cidades.<\/p>\n\n\n\n<figure class=\"wp-block-image size-large\"><img loading=\"lazy\" decoding=\"async\" width=\"1024\" height=\"679\" src=\"https:\/\/blogdorogeriogomes.com.br\/wp-content\/uploads\/2022\/12\/Elmano-1024x679.jpeg\" alt=\"\" class=\"wp-image-27901\" srcset=\"https:\/\/blogdorogeriogomes.com.br\/noticias\/wp-content\/uploads\/2022\/12\/Elmano-1024x679.jpeg 1024w, https:\/\/blogdorogeriogomes.com.br\/noticias\/wp-content\/uploads\/2022\/12\/Elmano-300x199.jpeg 300w, https:\/\/blogdorogeriogomes.com.br\/noticias\/wp-content\/uploads\/2022\/12\/Elmano-768x509.jpeg 768w, https:\/\/blogdorogeriogomes.com.br\/noticias\/wp-content\/uploads\/2022\/12\/Elmano-1536x1018.jpeg 1536w, https:\/\/blogdorogeriogomes.com.br\/noticias\/wp-content\/uploads\/2022\/12\/Elmano-800x530.jpeg 800w, https:\/\/blogdorogeriogomes.com.br\/noticias\/wp-content\/uploads\/2022\/12\/Elmano.jpeg 1599w\" sizes=\"auto, (max-width: 1024px) 100vw, 1024px\" \/><\/figure>\n","protected":false},"excerpt":{"rendered":"<p>O governador eleito Elmano de Freitas (PT) apontou mais 12 secret\u00e1rios que far\u00e3o parte da sua gest\u00e3o a partir de 1\u00b0 de janeiro de 2023. O deputado estadual reeleito Salmito Filho (PDT) foi anunciado secret\u00e1rio do Desenvolvimento Econ\u00f4mico.&nbsp;Yrwana Albuquerque fica na Secretaria do Turismo.Tamb\u00e9m deputado estadual reeleito, Mois\u00e9s Braz (PT) foi confirmado na Secretaria de Desenvolvimento Agr\u00e1rio.&nbsp;Na chefia da Secretaria do Meio Ambiente, no pr\u00f3ximo mandato, fica Vilma Freire.&nbsp;Na secretaria do Trabalho foi anunciado Vladyson Viana. Para a secretaria&hellip;<\/p>\n","protected":false},"author":1,"featured_media":27901,"comment_status":"open","ping_status":"open","sticky":false,"template":"","format":"standard","meta":{"footnotes":""},"categories":[1],"tags":[],"class_list":["post-27899","post","type-post","status-publish","format-standard","has-post-thumbnail","hentry","category-noticias"],"_links":{"self":[{"href":"https:\/\/blogdorogeriogomes.com.br\/noticias\/wp-json\/wp\/v2\/posts\/27899","targetHints":{"allow":["GET"]}}],"collection":[{"href":"https:\/\/blogdorogeriogomes.com.br\/noticias\/wp-json\/wp\/v2\/posts"}],"about":[{"href":"https:\/\/blogdorogeriogomes.com.br\/noticias\/wp-json\/wp\/v2\/types\/post"}],"author":[{"embeddable":true,"href":"https:\/\/blogdorogeriogomes.com.br\/noticias\/wp-json\/wp\/v2\/users\/1"}],"replies":[{"embeddable":true,"href":"https:\/\/blogdorogeriogomes.com.br\/noticias\/wp-json\/wp\/v2\/comments?post=27899"}],"version-history":[{"count":1,"href":"https:\/\/blogdorogeriogomes.com.br\/noticias\/wp-json\/wp\/v2\/posts\/27899\/revisions"}],"predecessor-version":[{"id":27902,"href":"https:\/\/blogdorogeriogomes.com.br\/noticias\/wp-json\/wp\/v2\/posts\/27899\/revisions\/27902"}],"wp:featuredmedia":[{"embeddable":true,"href":"https:\/\/blogdorogeriogomes.com.br\/noticias\/wp-json\/wp\/v2\/media\/27901"}],"wp:attachment":[{"href":"https:\/\/blogdorogeriogomes.com.br\/noticias\/wp-json\/wp\/v2\/media?parent=27899"}],"wp:term":[{"taxonomy":"category","embeddable":true,"href":"https:\/\/blogdorogeriogomes.com.br\/noticias\/wp-json\/wp\/v2\/categories?post=27899"},{"taxonomy":"post_tag","embeddable":true,"href":"https:\/\/blogdorogeriogomes.com.br\/noticias\/wp-json\/wp\/v2\/tags?post=27899"}],"curies":[{"name":"wp","href":"https:\/\/api.w.org\/{rel}","templated":true}]}}