{"id":27903,"date":"2022-12-30T11:04:50","date_gmt":"2022-12-30T11:04:50","guid":{"rendered":"https:\/\/blogdorogeriogomes.com.br\/?p=27903"},"modified":"2023-01-02T11:32:07","modified_gmt":"2023-01-02T11:32:07","slug":"shows-no-aterro-da-praia-de-iracema-ja-comecam-nesta-sexta-feira","status":"publish","type":"post","link":"https:\/\/blogdorogeriogomes.com.br\/noticias\/2022\/12\/shows-no-aterro-da-praia-de-iracema-ja-comecam-nesta-sexta-feira\/","title":{"rendered":"Shows no Aterro da Praia de Iracema j\u00e1 come\u00e7am nesta sexta-feira"},"content":{"rendered":"\n<p>Fortaleza ter\u00e1 uma virada do ano com dois dias de show, no Aterro da Praia de Iracema. Nesta sexta-feira, dia 30 de dezembro, j\u00e1 acontece a primeira noitada de apresenta\u00e7\u00f5es do R\u00e9veillon 2023. A Prefeitura de Fortaleza montou uma mega estrutura para a apresenta\u00e7\u00e3o de 19 artistas nos dois dias de festa. \u00c9 esperada cerca de 1 milh\u00e3o de pessoas no aterro e seu entorno.<br>Na hora da virada, haver\u00e1 um show luminot\u00e9cnico e c\u00eanico sustent\u00e1vel, com efeitos visuais acompanhado das m\u00fasicas, trazendo um espet\u00e1culo audiovisual para o c\u00e9u da Praia de Iracema. A apresenta\u00e7\u00e3o respeitar\u00e1 a legisla\u00e7\u00e3o municipal que estabelece a proibi\u00e7\u00e3o do uso de fogos de artif\u00edcios barulhentos em Fortaleza.<br>Se apresentam nesta sexta-feira: Jorge Arag\u00e3o, Daniela Mercury, Lu\u00edsa Sonza, Vanessa da Mata, Xand Avi\u00e3o, Nattan, Paulo Jos\u00e9 Benevides, Get\u00falio Abelha e Marcia Felipe.<\/p>\n\n\n\n<figure class=\"wp-block-image size-large\"><img loading=\"lazy\" decoding=\"async\" width=\"1024\" height=\"601\" src=\"https:\/\/blogdorogeriogomes.com.br\/wp-content\/uploads\/2022\/12\/28-12-2022-Aterro-IMG_5698-1024x601.jpg\" alt=\"\" class=\"wp-image-27900\" srcset=\"https:\/\/blogdorogeriogomes.com.br\/noticias\/wp-content\/uploads\/2022\/12\/28-12-2022-Aterro-IMG_5698-1024x601.jpg 1024w, https:\/\/blogdorogeriogomes.com.br\/noticias\/wp-content\/uploads\/2022\/12\/28-12-2022-Aterro-IMG_5698-300x176.jpg 300w, https:\/\/blogdorogeriogomes.com.br\/noticias\/wp-content\/uploads\/2022\/12\/28-12-2022-Aterro-IMG_5698-768x451.jpg 768w, https:\/\/blogdorogeriogomes.com.br\/noticias\/wp-content\/uploads\/2022\/12\/28-12-2022-Aterro-IMG_5698-1536x902.jpg 1536w, https:\/\/blogdorogeriogomes.com.br\/noticias\/wp-content\/uploads\/2022\/12\/28-12-2022-Aterro-IMG_5698-2048x1203.jpg 2048w, https:\/\/blogdorogeriogomes.com.br\/noticias\/wp-content\/uploads\/2022\/12\/28-12-2022-Aterro-IMG_5698-800x470.jpg 800w\" sizes=\"auto, (max-width: 1024px) 100vw, 1024px\" \/><\/figure>\n","protected":false},"excerpt":{"rendered":"<p>Fortaleza ter\u00e1 uma virada do ano com dois dias de show, no Aterro da Praia de Iracema. Nesta sexta-feira, dia 30 de dezembro, j\u00e1 acontece a primeira noitada de apresenta\u00e7\u00f5es do R\u00e9veillon 2023. A Prefeitura de Fortaleza montou uma mega estrutura para a apresenta\u00e7\u00e3o de 19 artistas nos dois dias de festa. \u00c9 esperada cerca de 1 milh\u00e3o de pessoas no aterro e seu entorno.Na hora da virada, haver\u00e1 um show luminot\u00e9cnico e c\u00eanico sustent\u00e1vel, com efeitos visuais acompanhado&hellip;<\/p>\n","protected":false},"author":1,"featured_media":27900,"comment_status":"open","ping_status":"open","sticky":false,"template":"","format":"standard","meta":{"footnotes":""},"categories":[1],"tags":[],"class_list":["post-27903","post","type-post","status-publish","format-standard","has-post-thumbnail","hentry","category-noticias"],"_links":{"self":[{"href":"https:\/\/blogdorogeriogomes.com.br\/noticias\/wp-json\/wp\/v2\/posts\/27903","targetHints":{"allow":["GET"]}}],"collection":[{"href":"https:\/\/blogdorogeriogomes.com.br\/noticias\/wp-json\/wp\/v2\/posts"}],"about":[{"href":"https:\/\/blogdorogeriogomes.com.br\/noticias\/wp-json\/wp\/v2\/types\/post"}],"author":[{"embeddable":true,"href":"https:\/\/blogdorogeriogomes.com.br\/noticias\/wp-json\/wp\/v2\/users\/1"}],"replies":[{"embeddable":true,"href":"https:\/\/blogdorogeriogomes.com.br\/noticias\/wp-json\/wp\/v2\/comments?post=27903"}],"version-history":[{"count":1,"href":"https:\/\/blogdorogeriogomes.com.br\/noticias\/wp-json\/wp\/v2\/posts\/27903\/revisions"}],"predecessor-version":[{"id":27904,"href":"https:\/\/blogdorogeriogomes.com.br\/noticias\/wp-json\/wp\/v2\/posts\/27903\/revisions\/27904"}],"wp:featuredmedia":[{"embeddable":true,"href":"https:\/\/blogdorogeriogomes.com.br\/noticias\/wp-json\/wp\/v2\/media\/27900"}],"wp:attachment":[{"href":"https:\/\/blogdorogeriogomes.com.br\/noticias\/wp-json\/wp\/v2\/media?parent=27903"}],"wp:term":[{"taxonomy":"category","embeddable":true,"href":"https:\/\/blogdorogeriogomes.com.br\/noticias\/wp-json\/wp\/v2\/categories?post=27903"},{"taxonomy":"post_tag","embeddable":true,"href":"https:\/\/blogdorogeriogomes.com.br\/noticias\/wp-json\/wp\/v2\/tags?post=27903"}],"curies":[{"name":"wp","href":"https:\/\/api.w.org\/{rel}","templated":true}]}}