{"id":27908,"date":"2023-01-02T11:19:38","date_gmt":"2023-01-02T11:19:38","guid":{"rendered":"https:\/\/blogdorogeriogomes.com.br\/?p=27908"},"modified":"2023-01-02T11:31:52","modified_gmt":"2023-01-02T11:31:52","slug":"lula-toma-primeiras-medidas-de-governo-apos-ser-empossado-presidente-em-brasilia","status":"publish","type":"post","link":"https:\/\/blogdorogeriogomes.com.br\/noticias\/2023\/01\/lula-toma-primeiras-medidas-de-governo-apos-ser-empossado-presidente-em-brasilia\/","title":{"rendered":"Lula toma primeiras medidas de Governo ap\u00f3s ser empossado presidente em Bras\u00edlia"},"content":{"rendered":"\n<p>Em uma festa hist\u00f3rica, com muito simbolismo no cerimonial e dois discursos incisivos no Congresso Nacional e no Pal\u00e1cio do Planalto, Lula se tornou pela terceira vez presidente do Brasil. Alegria para uns, decep\u00e7\u00e3o para outros. Mas o fato \u00e9 que, efetivamente, a partir desta segunda-feira, dia 2 de janeiro de 2023, o pa\u00eds volta a respirar uma verdadeira democracia.<br>Ap\u00f3s receber a faixa presidencial das m\u00e3os de representantes do povo, Lula assinou decretos e medidas provis\u00f3rias. Entre eles: medida que garante o pagamento de R$ 600 \u00e0s fam\u00edlias que recebem o Aux\u00edlio Brasil (que voltar\u00e1 a se chamar Bolsa Fam\u00edlia); a prorroga\u00e7\u00e3o da desonera\u00e7\u00e3o dos combust\u00edveis no Brasil; a reavalia\u00e7\u00e3o pela CGU, em at\u00e9 30 dias, de sigilos indevidos do Governo Bolsonaro.<br>Lula tamb\u00e9m empossou seus 37 ministros, entre eles, o senador eleito pelo Cear\u00e1, Camilo Santana (PT), que comandar\u00e1 a pasta da educa\u00e7\u00e3o. A n\u00famero 2 do Minist\u00e9rio da Educa\u00e7\u00e3o ser\u00e1 a ex-governadora do Cear\u00e1, Izolda Cela.<\/p>\n\n\n\n<figure class=\"wp-block-image size-full\"><img loading=\"lazy\" decoding=\"async\" width=\"909\" height=\"606\" src=\"https:\/\/blogdorogeriogomes.com.br\/wp-content\/uploads\/2023\/01\/IMG_20230102_073955_653.webp\" alt=\"\" class=\"wp-image-27909\" srcset=\"https:\/\/blogdorogeriogomes.com.br\/noticias\/wp-content\/uploads\/2023\/01\/IMG_20230102_073955_653.webp 909w, https:\/\/blogdorogeriogomes.com.br\/noticias\/wp-content\/uploads\/2023\/01\/IMG_20230102_073955_653-300x200.webp 300w, https:\/\/blogdorogeriogomes.com.br\/noticias\/wp-content\/uploads\/2023\/01\/IMG_20230102_073955_653-768x512.webp 768w, https:\/\/blogdorogeriogomes.com.br\/noticias\/wp-content\/uploads\/2023\/01\/IMG_20230102_073955_653-800x533.webp 800w\" sizes=\"auto, (max-width: 909px) 100vw, 909px\" \/><\/figure>\n\n\n\n<figure class=\"wp-block-image size-large\"><img loading=\"lazy\" decoding=\"async\" width=\"1024\" height=\"756\" src=\"https:\/\/blogdorogeriogomes.com.br\/wp-content\/uploads\/2023\/01\/IMG_20230102_073955_718-1024x756.webp\" alt=\"\" class=\"wp-image-27910\" srcset=\"https:\/\/blogdorogeriogomes.com.br\/noticias\/wp-content\/uploads\/2023\/01\/IMG_20230102_073955_718-1024x756.webp 1024w, https:\/\/blogdorogeriogomes.com.br\/noticias\/wp-content\/uploads\/2023\/01\/IMG_20230102_073955_718-300x221.webp 300w, https:\/\/blogdorogeriogomes.com.br\/noticias\/wp-content\/uploads\/2023\/01\/IMG_20230102_073955_718-768x567.webp 768w, https:\/\/blogdorogeriogomes.com.br\/noticias\/wp-content\/uploads\/2023\/01\/IMG_20230102_073955_718-800x590.webp 800w, https:\/\/blogdorogeriogomes.com.br\/noticias\/wp-content\/uploads\/2023\/01\/IMG_20230102_073955_718.webp 1080w\" sizes=\"auto, (max-width: 1024px) 100vw, 1024px\" \/><\/figure>\n","protected":false},"excerpt":{"rendered":"<p>Em uma festa hist\u00f3rica, com muito simbolismo no cerimonial e dois discursos incisivos no Congresso Nacional e no Pal\u00e1cio do Planalto, Lula se tornou pela terceira vez presidente do Brasil. Alegria para uns, decep\u00e7\u00e3o para outros. Mas o fato \u00e9 que, efetivamente, a partir desta segunda-feira, dia 2 de janeiro de 2023, o pa\u00eds volta a respirar uma verdadeira democracia.Ap\u00f3s receber a faixa presidencial das m\u00e3os de representantes do povo, Lula assinou decretos e medidas provis\u00f3rias. Entre eles: medida&hellip;<\/p>\n","protected":false},"author":1,"featured_media":27909,"comment_status":"open","ping_status":"open","sticky":false,"template":"","format":"standard","meta":{"footnotes":""},"categories":[1],"tags":[],"class_list":["post-27908","post","type-post","status-publish","format-standard","has-post-thumbnail","hentry","category-noticias"],"_links":{"self":[{"href":"https:\/\/blogdorogeriogomes.com.br\/noticias\/wp-json\/wp\/v2\/posts\/27908","targetHints":{"allow":["GET"]}}],"collection":[{"href":"https:\/\/blogdorogeriogomes.com.br\/noticias\/wp-json\/wp\/v2\/posts"}],"about":[{"href":"https:\/\/blogdorogeriogomes.com.br\/noticias\/wp-json\/wp\/v2\/types\/post"}],"author":[{"embeddable":true,"href":"https:\/\/blogdorogeriogomes.com.br\/noticias\/wp-json\/wp\/v2\/users\/1"}],"replies":[{"embeddable":true,"href":"https:\/\/blogdorogeriogomes.com.br\/noticias\/wp-json\/wp\/v2\/comments?post=27908"}],"version-history":[{"count":1,"href":"https:\/\/blogdorogeriogomes.com.br\/noticias\/wp-json\/wp\/v2\/posts\/27908\/revisions"}],"predecessor-version":[{"id":27911,"href":"https:\/\/blogdorogeriogomes.com.br\/noticias\/wp-json\/wp\/v2\/posts\/27908\/revisions\/27911"}],"wp:featuredmedia":[{"embeddable":true,"href":"https:\/\/blogdorogeriogomes.com.br\/noticias\/wp-json\/wp\/v2\/media\/27909"}],"wp:attachment":[{"href":"https:\/\/blogdorogeriogomes.com.br\/noticias\/wp-json\/wp\/v2\/media?parent=27908"}],"wp:term":[{"taxonomy":"category","embeddable":true,"href":"https:\/\/blogdorogeriogomes.com.br\/noticias\/wp-json\/wp\/v2\/categories?post=27908"},{"taxonomy":"post_tag","embeddable":true,"href":"https:\/\/blogdorogeriogomes.com.br\/noticias\/wp-json\/wp\/v2\/tags?post=27908"}],"curies":[{"name":"wp","href":"https:\/\/api.w.org\/{rel}","templated":true}]}}