{"id":27912,"date":"2023-01-02T11:21:39","date_gmt":"2023-01-02T11:21:39","guid":{"rendered":"https:\/\/blogdorogeriogomes.com.br\/?p=27912"},"modified":"2023-01-02T11:31:45","modified_gmt":"2023-01-02T11:31:45","slug":"nova-mesa-diretora-da-camara-municipal-de-fortaleza-e-empossada-no-primeiro-dia-de-2023","status":"publish","type":"post","link":"https:\/\/blogdorogeriogomes.com.br\/noticias\/2023\/01\/nova-mesa-diretora-da-camara-municipal-de-fortaleza-e-empossada-no-primeiro-dia-de-2023\/","title":{"rendered":"Nova Mesa Diretora da C\u00e2mara Municipal de Fortaleza \u00e9 empossada no primeiro dia de 2023"},"content":{"rendered":"\n<p>A nova Mesa Diretora da C\u00e2mara Municipal de Fortaleza tomou posse neste domingo, dia 1\u00ba de janeiro, para dois anos de mandato. Os dez membros do colegiado assumiram seus respectivos cargos em cerim\u00f4nia realizada na sede da CMF.<br>O grupo recebeu o voto favor\u00e1vel dos 43 vereadores, sendo eleito, por unanimidade, no \u00faltimo dia 1\u00ba de dezembro. Gardel Rolim (PDT) presidir\u00e1 o Legislativo Municipal, em substitui\u00e7\u00e3o ao vereador Ant\u00f4nio Henrique (PDT), eleito deputado estadual nas elei\u00e7\u00f5es de outubro.<br>O primeiro desafio de Gardel Rolim ser\u00e1 a convoca\u00e7\u00e3o extraordin\u00e1ria pedida pelo prefeito Jos\u00e9 Sarto agora em janeiro para votar a mensagem que amplia a faixa de isen\u00e7\u00e3o da taxa de lixo em Fortaleza para 70% da popula\u00e7\u00e3o.<\/p>\n\n\n\n<figure class=\"wp-block-image size-large\"><img loading=\"lazy\" decoding=\"async\" width=\"1024\" height=\"683\" src=\"https:\/\/blogdorogeriogomes.com.br\/wp-content\/uploads\/2023\/01\/DSC_1956-1024x683.jpg\" alt=\"\" class=\"wp-image-27913\" srcset=\"https:\/\/blogdorogeriogomes.com.br\/noticias\/wp-content\/uploads\/2023\/01\/DSC_1956-1024x683.jpg 1024w, https:\/\/blogdorogeriogomes.com.br\/noticias\/wp-content\/uploads\/2023\/01\/DSC_1956-300x200.jpg 300w, https:\/\/blogdorogeriogomes.com.br\/noticias\/wp-content\/uploads\/2023\/01\/DSC_1956-768x512.jpg 768w, https:\/\/blogdorogeriogomes.com.br\/noticias\/wp-content\/uploads\/2023\/01\/DSC_1956-800x533.jpg 800w, https:\/\/blogdorogeriogomes.com.br\/noticias\/wp-content\/uploads\/2023\/01\/DSC_1956.jpg 1200w\" sizes=\"auto, (max-width: 1024px) 100vw, 1024px\" \/><\/figure>\n","protected":false},"excerpt":{"rendered":"<p>A nova Mesa Diretora da C\u00e2mara Municipal de Fortaleza tomou posse neste domingo, dia 1\u00ba de janeiro, para dois anos de mandato. Os dez membros do colegiado assumiram seus respectivos cargos em cerim\u00f4nia realizada na sede da CMF.O grupo recebeu o voto favor\u00e1vel dos 43 vereadores, sendo eleito, por unanimidade, no \u00faltimo dia 1\u00ba de dezembro. Gardel Rolim (PDT) presidir\u00e1 o Legislativo Municipal, em substitui\u00e7\u00e3o ao vereador Ant\u00f4nio Henrique (PDT), eleito deputado estadual nas elei\u00e7\u00f5es de outubro.O primeiro desafio&hellip;<\/p>\n","protected":false},"author":1,"featured_media":27913,"comment_status":"open","ping_status":"open","sticky":false,"template":"","format":"standard","meta":{"footnotes":""},"categories":[1],"tags":[],"class_list":["post-27912","post","type-post","status-publish","format-standard","has-post-thumbnail","hentry","category-noticias"],"_links":{"self":[{"href":"https:\/\/blogdorogeriogomes.com.br\/noticias\/wp-json\/wp\/v2\/posts\/27912","targetHints":{"allow":["GET"]}}],"collection":[{"href":"https:\/\/blogdorogeriogomes.com.br\/noticias\/wp-json\/wp\/v2\/posts"}],"about":[{"href":"https:\/\/blogdorogeriogomes.com.br\/noticias\/wp-json\/wp\/v2\/types\/post"}],"author":[{"embeddable":true,"href":"https:\/\/blogdorogeriogomes.com.br\/noticias\/wp-json\/wp\/v2\/users\/1"}],"replies":[{"embeddable":true,"href":"https:\/\/blogdorogeriogomes.com.br\/noticias\/wp-json\/wp\/v2\/comments?post=27912"}],"version-history":[{"count":1,"href":"https:\/\/blogdorogeriogomes.com.br\/noticias\/wp-json\/wp\/v2\/posts\/27912\/revisions"}],"predecessor-version":[{"id":27914,"href":"https:\/\/blogdorogeriogomes.com.br\/noticias\/wp-json\/wp\/v2\/posts\/27912\/revisions\/27914"}],"wp:featuredmedia":[{"embeddable":true,"href":"https:\/\/blogdorogeriogomes.com.br\/noticias\/wp-json\/wp\/v2\/media\/27913"}],"wp:attachment":[{"href":"https:\/\/blogdorogeriogomes.com.br\/noticias\/wp-json\/wp\/v2\/media?parent=27912"}],"wp:term":[{"taxonomy":"category","embeddable":true,"href":"https:\/\/blogdorogeriogomes.com.br\/noticias\/wp-json\/wp\/v2\/categories?post=27912"},{"taxonomy":"post_tag","embeddable":true,"href":"https:\/\/blogdorogeriogomes.com.br\/noticias\/wp-json\/wp\/v2\/tags?post=27912"}],"curies":[{"name":"wp","href":"https:\/\/api.w.org\/{rel}","templated":true}]}}