{"id":27915,"date":"2023-01-02T11:23:15","date_gmt":"2023-01-02T11:23:15","guid":{"rendered":"https:\/\/blogdorogeriogomes.com.br\/?p=27915"},"modified":"2023-01-02T11:31:39","modified_gmt":"2023-01-02T11:31:39","slug":"elmano-de-freitas-enfrenta-primeiro-desafio-em-buscar-aproximacao-com-bancada-do-pdt","status":"publish","type":"post","link":"https:\/\/blogdorogeriogomes.com.br\/noticias\/2023\/01\/elmano-de-freitas-enfrenta-primeiro-desafio-em-buscar-aproximacao-com-bancada-do-pdt\/","title":{"rendered":"Elmano de Freitas enfrenta primeiro desafio em buscar aproxima\u00e7\u00e3o com bancada do PDT"},"content":{"rendered":"\n<p>Chamou a aten\u00e7\u00e3o na posse do governador do Cear\u00e1, Elmano de Freitas (PT), a aus\u00eancia das principais lideran\u00e7as do PDT no Cear\u00e1, como o senador Cid Gomes, o prefeito de Fortaleza, Jos\u00e9 Sarto, o ex-prefeito de Fortaleza, Roberto Cl\u00e1udio, e o presidente estadual do partido Andr\u00e9 Figueiredo. H\u00e1 uma divis\u00e3o interna na legenda sobre a postura que o PDT deve tomar em rela\u00e7\u00e3o ao Governo Elmano.<br>Segundo Andr\u00e9 Figueiredo, as indica\u00e7\u00f5es de deputados do PDT ao secretariado estadual, no caso, Salmito Filho, Rob\u00e9rio Monteiro e Oriel Nunes Filho, n\u00e3o tiveram o aval da c\u00fapula pedetista no Estado. Assim, o partido deve ficar de fora da base aliada.<br>Mesmo assim, pedetistas hoje alinhados ao grupo pol\u00edtico liderado por Camilo Santana (PT) acreditam em uma aproxima\u00e7\u00e3o gradual do PDT nos primeiros meses do governo de Elmano de Freitas. E isso passa pela reelei\u00e7\u00e3o do presidente da Assembleia Legislativa, Evandro Leit\u00e3o (PDT), que ser\u00e1 votada pelos deputados estaduais no in\u00edcio de fevereiro quando terminar o recesso parlamentar.<\/p>\n\n\n\n<figure class=\"wp-block-image size-large\"><img loading=\"lazy\" decoding=\"async\" width=\"1024\" height=\"768\" src=\"https:\/\/blogdorogeriogomes.com.br\/wp-content\/uploads\/2023\/01\/elmano-gov-1024x768.jpeg\" alt=\"\" class=\"wp-image-27916\" srcset=\"https:\/\/blogdorogeriogomes.com.br\/noticias\/wp-content\/uploads\/2023\/01\/elmano-gov-1024x768.jpeg 1024w, https:\/\/blogdorogeriogomes.com.br\/noticias\/wp-content\/uploads\/2023\/01\/elmano-gov-300x225.jpeg 300w, https:\/\/blogdorogeriogomes.com.br\/noticias\/wp-content\/uploads\/2023\/01\/elmano-gov-768x576.jpeg 768w, https:\/\/blogdorogeriogomes.com.br\/noticias\/wp-content\/uploads\/2023\/01\/elmano-gov-800x600.jpeg 800w, https:\/\/blogdorogeriogomes.com.br\/noticias\/wp-content\/uploads\/2023\/01\/elmano-gov-400x300.jpeg 400w, https:\/\/blogdorogeriogomes.com.br\/noticias\/wp-content\/uploads\/2023\/01\/elmano-gov.jpeg 1152w\" sizes=\"auto, (max-width: 1024px) 100vw, 1024px\" \/><\/figure>\n","protected":false},"excerpt":{"rendered":"<p>Chamou a aten\u00e7\u00e3o na posse do governador do Cear\u00e1, Elmano de Freitas (PT), a aus\u00eancia das principais lideran\u00e7as do PDT no Cear\u00e1, como o senador Cid Gomes, o prefeito de Fortaleza, Jos\u00e9 Sarto, o ex-prefeito de Fortaleza, Roberto Cl\u00e1udio, e o presidente estadual do partido Andr\u00e9 Figueiredo. H\u00e1 uma divis\u00e3o interna na legenda sobre a postura que o PDT deve tomar em rela\u00e7\u00e3o ao Governo Elmano.Segundo Andr\u00e9 Figueiredo, as indica\u00e7\u00f5es de deputados do PDT ao secretariado estadual, no caso,&hellip;<\/p>\n","protected":false},"author":1,"featured_media":27916,"comment_status":"open","ping_status":"open","sticky":false,"template":"","format":"standard","meta":{"footnotes":""},"categories":[1],"tags":[],"class_list":["post-27915","post","type-post","status-publish","format-standard","has-post-thumbnail","hentry","category-noticias"],"_links":{"self":[{"href":"https:\/\/blogdorogeriogomes.com.br\/noticias\/wp-json\/wp\/v2\/posts\/27915","targetHints":{"allow":["GET"]}}],"collection":[{"href":"https:\/\/blogdorogeriogomes.com.br\/noticias\/wp-json\/wp\/v2\/posts"}],"about":[{"href":"https:\/\/blogdorogeriogomes.com.br\/noticias\/wp-json\/wp\/v2\/types\/post"}],"author":[{"embeddable":true,"href":"https:\/\/blogdorogeriogomes.com.br\/noticias\/wp-json\/wp\/v2\/users\/1"}],"replies":[{"embeddable":true,"href":"https:\/\/blogdorogeriogomes.com.br\/noticias\/wp-json\/wp\/v2\/comments?post=27915"}],"version-history":[{"count":1,"href":"https:\/\/blogdorogeriogomes.com.br\/noticias\/wp-json\/wp\/v2\/posts\/27915\/revisions"}],"predecessor-version":[{"id":27917,"href":"https:\/\/blogdorogeriogomes.com.br\/noticias\/wp-json\/wp\/v2\/posts\/27915\/revisions\/27917"}],"wp:featuredmedia":[{"embeddable":true,"href":"https:\/\/blogdorogeriogomes.com.br\/noticias\/wp-json\/wp\/v2\/media\/27916"}],"wp:attachment":[{"href":"https:\/\/blogdorogeriogomes.com.br\/noticias\/wp-json\/wp\/v2\/media?parent=27915"}],"wp:term":[{"taxonomy":"category","embeddable":true,"href":"https:\/\/blogdorogeriogomes.com.br\/noticias\/wp-json\/wp\/v2\/categories?post=27915"},{"taxonomy":"post_tag","embeddable":true,"href":"https:\/\/blogdorogeriogomes.com.br\/noticias\/wp-json\/wp\/v2\/tags?post=27915"}],"curies":[{"name":"wp","href":"https:\/\/api.w.org\/{rel}","templated":true}]}}