{"id":27926,"date":"2023-01-03T01:37:01","date_gmt":"2023-01-03T01:37:01","guid":{"rendered":"https:\/\/blogdorogeriogomes.com.br\/?p=27926"},"modified":"2023-01-03T12:15:36","modified_gmt":"2023-01-03T12:15:36","slug":"agentes-penitenciarios-do-ceara-vao-utilizar-cameras-nos-uniformes","status":"publish","type":"post","link":"https:\/\/blogdorogeriogomes.com.br\/noticias\/2023\/01\/agentes-penitenciarios-do-ceara-vao-utilizar-cameras-nos-uniformes\/","title":{"rendered":"Agentes penitenci\u00e1rios do Cear\u00e1 v\u00e3o utilizar c\u00e2meras nos uniformes"},"content":{"rendered":"\n<p>A Secretaria de Administra\u00e7\u00e3o Penitenci\u00e1ria do Cear\u00e1 (SAP), que tem \u00e0 frente o secret\u00e1rio Mauro Albuquerque, confirma que vai adotar a utiliza\u00e7\u00e3o de c\u00e2meras nos uniformes dos agentes que atuam em pres\u00eddios no Estado. A implanta\u00e7\u00e3o do sistema ainda n\u00e3o tem a data definida, mas deve ocorrer ainda no primeiro semestre.<br>O projeto foi desenvolvido pelo pr\u00f3prio governo Elmano de Freitas (PT), ainda como deputado estadual. Elmano havia elaborado projeto de indica\u00e7\u00e3o, aprovado no plen\u00e1rio pela Assembleia Legislativa, para implanta\u00e7\u00e3o das c\u00e2meras nos uniformes de policiais civis, militares e penais.<br>Na avalia\u00e7\u00e3o de Elmano de Freitas, as imagens tanto permitem coibir maus tratos contra presos, quanto resguardam os policiais penais de den\u00fancias infundadas.<\/p>\n\n\n\n<figure class=\"wp-block-image size-full\"><img loading=\"lazy\" decoding=\"async\" width=\"681\" height=\"450\" src=\"https:\/\/blogdorogeriogomes.com.br\/wp-content\/uploads\/2023\/01\/images-25.jpeg\" alt=\"\" class=\"wp-image-27927\" srcset=\"https:\/\/blogdorogeriogomes.com.br\/noticias\/wp-content\/uploads\/2023\/01\/images-25.jpeg 681w, https:\/\/blogdorogeriogomes.com.br\/noticias\/wp-content\/uploads\/2023\/01\/images-25-300x198.jpeg 300w\" sizes=\"auto, (max-width: 681px) 100vw, 681px\" \/><\/figure>\n","protected":false},"excerpt":{"rendered":"<p>A Secretaria de Administra\u00e7\u00e3o Penitenci\u00e1ria do Cear\u00e1 (SAP), que tem \u00e0 frente o secret\u00e1rio Mauro Albuquerque, confirma que vai adotar a utiliza\u00e7\u00e3o de c\u00e2meras nos uniformes dos agentes que atuam em pres\u00eddios no Estado. A implanta\u00e7\u00e3o do sistema ainda n\u00e3o tem a data definida, mas deve ocorrer ainda no primeiro semestre.O projeto foi desenvolvido pelo pr\u00f3prio governo Elmano de Freitas (PT), ainda como deputado estadual. Elmano havia elaborado projeto de indica\u00e7\u00e3o, aprovado no plen\u00e1rio pela Assembleia Legislativa, para implanta\u00e7\u00e3o&hellip;<\/p>\n","protected":false},"author":1,"featured_media":27927,"comment_status":"open","ping_status":"open","sticky":false,"template":"","format":"standard","meta":{"footnotes":""},"categories":[1],"tags":[],"class_list":["post-27926","post","type-post","status-publish","format-standard","has-post-thumbnail","hentry","category-noticias"],"_links":{"self":[{"href":"https:\/\/blogdorogeriogomes.com.br\/noticias\/wp-json\/wp\/v2\/posts\/27926","targetHints":{"allow":["GET"]}}],"collection":[{"href":"https:\/\/blogdorogeriogomes.com.br\/noticias\/wp-json\/wp\/v2\/posts"}],"about":[{"href":"https:\/\/blogdorogeriogomes.com.br\/noticias\/wp-json\/wp\/v2\/types\/post"}],"author":[{"embeddable":true,"href":"https:\/\/blogdorogeriogomes.com.br\/noticias\/wp-json\/wp\/v2\/users\/1"}],"replies":[{"embeddable":true,"href":"https:\/\/blogdorogeriogomes.com.br\/noticias\/wp-json\/wp\/v2\/comments?post=27926"}],"version-history":[{"count":1,"href":"https:\/\/blogdorogeriogomes.com.br\/noticias\/wp-json\/wp\/v2\/posts\/27926\/revisions"}],"predecessor-version":[{"id":27928,"href":"https:\/\/blogdorogeriogomes.com.br\/noticias\/wp-json\/wp\/v2\/posts\/27926\/revisions\/27928"}],"wp:featuredmedia":[{"embeddable":true,"href":"https:\/\/blogdorogeriogomes.com.br\/noticias\/wp-json\/wp\/v2\/media\/27927"}],"wp:attachment":[{"href":"https:\/\/blogdorogeriogomes.com.br\/noticias\/wp-json\/wp\/v2\/media?parent=27926"}],"wp:term":[{"taxonomy":"category","embeddable":true,"href":"https:\/\/blogdorogeriogomes.com.br\/noticias\/wp-json\/wp\/v2\/categories?post=27926"},{"taxonomy":"post_tag","embeddable":true,"href":"https:\/\/blogdorogeriogomes.com.br\/noticias\/wp-json\/wp\/v2\/tags?post=27926"}],"curies":[{"name":"wp","href":"https:\/\/api.w.org\/{rel}","templated":true}]}}