{"id":27929,"date":"2023-01-03T01:38:50","date_gmt":"2023-01-03T01:38:50","guid":{"rendered":"https:\/\/blogdorogeriogomes.com.br\/?p=27929"},"modified":"2023-01-03T12:15:29","modified_gmt":"2023-01-03T12:15:29","slug":"camilo-santana-assume-ministerio-da-educacao-e-promete-priorizar-a-alfabetizacao-na-idade-certa","status":"publish","type":"post","link":"https:\/\/blogdorogeriogomes.com.br\/noticias\/2023\/01\/camilo-santana-assume-ministerio-da-educacao-e-promete-priorizar-a-alfabetizacao-na-idade-certa\/","title":{"rendered":"Camilo Santana assume Minist\u00e9rio da Educa\u00e7\u00e3o e promete priorizar a alfabetiza\u00e7\u00e3o na idade certa"},"content":{"rendered":"\n<p>Em solenidade bastante prestigiada por v\u00e1rios pol\u00edticos cearenses, o senador eleito Camilo Santana (PT) assumiu o comando do Minist\u00e9rio da Educa\u00e7\u00e3o, nesta segunda-feira, dia 2 de janeiro. E prometeu priorizar a alfabetiza\u00e7\u00e3o na idade certa enquanto estiver \u00e0 frente da pasta. Entre os presentes, os senadores Cid Gomes e o suplente Julinho Ventura, o governador Elmano de Freitas, o presidente da Assembleia Legislativa, Evandro Leit\u00e3o, entre outros.<br>&#8220;A \u00faltima avalia\u00e7\u00e3o feita pelo Saeb mostra que&nbsp;apenas uma em cada tr\u00eas crian\u00e7as \u00e9 alfabetizada na idade certa neste pa\u00eds. Ou seja: a maioria \u00e9 analfabeta dentro da pr\u00f3pria escola, o que provoca graves repercuss\u00f5es na sequ\u00eancia da vida dessas crian\u00e7as&#8221;, disse Camilo. O Saeb \u00e9 o Sistema de Avalia\u00e7\u00e3o da Educa\u00e7\u00e3o B\u00e1sica.<br>Segundo o novo ministro, a educa\u00e7\u00e3o brasileira foi tratada como &#8220;subproduto&#8221; na gest\u00e3o de Jair Bolsonaro, o que foi ainda mais agravado pela pandemia de Covid-19. A ex-governadora Izolda Cela tamb\u00e9m foi empossada com a n\u00famero 2 da pasta, sendo bastante aplaudida na cerim\u00f4nia.<\/p>\n\n\n\n<figure class=\"wp-block-image size-large\"><img loading=\"lazy\" decoding=\"async\" width=\"1024\" height=\"683\" src=\"https:\/\/blogdorogeriogomes.com.br\/wp-content\/uploads\/2023\/01\/IMG-20230102-WA0118-1024x683.jpg\" alt=\"\" class=\"wp-image-27930\" srcset=\"https:\/\/blogdorogeriogomes.com.br\/noticias\/wp-content\/uploads\/2023\/01\/IMG-20230102-WA0118-1024x683.jpg 1024w, https:\/\/blogdorogeriogomes.com.br\/noticias\/wp-content\/uploads\/2023\/01\/IMG-20230102-WA0118-300x200.jpg 300w, https:\/\/blogdorogeriogomes.com.br\/noticias\/wp-content\/uploads\/2023\/01\/IMG-20230102-WA0118-768x512.jpg 768w, https:\/\/blogdorogeriogomes.com.br\/noticias\/wp-content\/uploads\/2023\/01\/IMG-20230102-WA0118-800x533.jpg 800w, https:\/\/blogdorogeriogomes.com.br\/noticias\/wp-content\/uploads\/2023\/01\/IMG-20230102-WA0118.jpg 1080w\" sizes=\"auto, (max-width: 1024px) 100vw, 1024px\" \/><\/figure>\n","protected":false},"excerpt":{"rendered":"<p>Em solenidade bastante prestigiada por v\u00e1rios pol\u00edticos cearenses, o senador eleito Camilo Santana (PT) assumiu o comando do Minist\u00e9rio da Educa\u00e7\u00e3o, nesta segunda-feira, dia 2 de janeiro. E prometeu priorizar a alfabetiza\u00e7\u00e3o na idade certa enquanto estiver \u00e0 frente da pasta. Entre os presentes, os senadores Cid Gomes e o suplente Julinho Ventura, o governador Elmano de Freitas, o presidente da Assembleia Legislativa, Evandro Leit\u00e3o, entre outros.&#8220;A \u00faltima avalia\u00e7\u00e3o feita pelo Saeb mostra que&nbsp;apenas uma em cada tr\u00eas crian\u00e7as&hellip;<\/p>\n","protected":false},"author":1,"featured_media":27930,"comment_status":"open","ping_status":"open","sticky":false,"template":"","format":"standard","meta":{"footnotes":""},"categories":[1],"tags":[],"class_list":["post-27929","post","type-post","status-publish","format-standard","has-post-thumbnail","hentry","category-noticias"],"_links":{"self":[{"href":"https:\/\/blogdorogeriogomes.com.br\/noticias\/wp-json\/wp\/v2\/posts\/27929","targetHints":{"allow":["GET"]}}],"collection":[{"href":"https:\/\/blogdorogeriogomes.com.br\/noticias\/wp-json\/wp\/v2\/posts"}],"about":[{"href":"https:\/\/blogdorogeriogomes.com.br\/noticias\/wp-json\/wp\/v2\/types\/post"}],"author":[{"embeddable":true,"href":"https:\/\/blogdorogeriogomes.com.br\/noticias\/wp-json\/wp\/v2\/users\/1"}],"replies":[{"embeddable":true,"href":"https:\/\/blogdorogeriogomes.com.br\/noticias\/wp-json\/wp\/v2\/comments?post=27929"}],"version-history":[{"count":1,"href":"https:\/\/blogdorogeriogomes.com.br\/noticias\/wp-json\/wp\/v2\/posts\/27929\/revisions"}],"predecessor-version":[{"id":27931,"href":"https:\/\/blogdorogeriogomes.com.br\/noticias\/wp-json\/wp\/v2\/posts\/27929\/revisions\/27931"}],"wp:featuredmedia":[{"embeddable":true,"href":"https:\/\/blogdorogeriogomes.com.br\/noticias\/wp-json\/wp\/v2\/media\/27930"}],"wp:attachment":[{"href":"https:\/\/blogdorogeriogomes.com.br\/noticias\/wp-json\/wp\/v2\/media?parent=27929"}],"wp:term":[{"taxonomy":"category","embeddable":true,"href":"https:\/\/blogdorogeriogomes.com.br\/noticias\/wp-json\/wp\/v2\/categories?post=27929"},{"taxonomy":"post_tag","embeddable":true,"href":"https:\/\/blogdorogeriogomes.com.br\/noticias\/wp-json\/wp\/v2\/tags?post=27929"}],"curies":[{"name":"wp","href":"https:\/\/api.w.org\/{rel}","templated":true}]}}