{"id":27932,"date":"2023-01-03T12:43:31","date_gmt":"2023-01-03T12:43:31","guid":{"rendered":"https:\/\/blogdorogeriogomes.com.br\/?p=27932"},"modified":"2023-01-03T12:43:32","modified_gmt":"2023-01-03T12:43:32","slug":"lula-comeca-a-tracar-agenda-internacional-argentina-sera-a-primeira-visita","status":"publish","type":"post","link":"https:\/\/blogdorogeriogomes.com.br\/noticias\/2023\/01\/lula-comeca-a-tracar-agenda-internacional-argentina-sera-a-primeira-visita\/","title":{"rendered":"Lula come\u00e7a a tra\u00e7ar agenda internacional. Argentina ser\u00e1 a primeira visita"},"content":{"rendered":"\n<p>A posse do presidente Lula (PT), em Bras\u00edlia, foi prestigiada por 73 delega\u00e7\u00f5es estrangeiras. E agora, uma das metas do novo governo \u00e9 recuperar o prest\u00edgio do Brasil no Exterior. Para isso, Lula dever\u00e1 ter uma extensa agenda de viagens internacionais em busca de novos investimentos e parcerias. O primeiro destino ser\u00e1 a Argentina.<br>O presidente da Argentina, Alberto Fern\u00e1ndez, confirmou a ida de Lula a Buenos Aires no pr\u00f3ximos dias 23 e 24 de janeiro, para uma s\u00e9rie de compromissos, incluindo uma reuni\u00e3o da Comunidade de Estados Latinoamericanos e Caribenhos (Celac), que est\u00e1 sob presid\u00eancia tempor\u00e1ria argentina.<br>Tamb\u00e9m j\u00e1 est\u00e1 no foco um encontro de Lula nos Estados Unidos com o presidente Joe Biden, na Casa Branca. H\u00e1 possibilidades, segundo o Itamaraty, dessa reuni\u00e3o ainda acontecer neste m\u00eas de janeiro.<\/p>\n\n\n\n<figure class=\"wp-block-image size-full\"><img loading=\"lazy\" decoding=\"async\" width=\"715\" height=\"429\" src=\"https:\/\/blogdorogeriogomes.com.br\/wp-content\/uploads\/2023\/01\/images-26.jpeg\" alt=\"\" class=\"wp-image-27933\" srcset=\"https:\/\/blogdorogeriogomes.com.br\/noticias\/wp-content\/uploads\/2023\/01\/images-26.jpeg 715w, https:\/\/blogdorogeriogomes.com.br\/noticias\/wp-content\/uploads\/2023\/01\/images-26-300x180.jpeg 300w\" sizes=\"auto, (max-width: 715px) 100vw, 715px\" \/><\/figure>\n","protected":false},"excerpt":{"rendered":"<p>A posse do presidente Lula (PT), em Bras\u00edlia, foi prestigiada por 73 delega\u00e7\u00f5es estrangeiras. E agora, uma das metas do novo governo \u00e9 recuperar o prest\u00edgio do Brasil no Exterior. Para isso, Lula dever\u00e1 ter uma extensa agenda de viagens internacionais em busca de novos investimentos e parcerias. O primeiro destino ser\u00e1 a Argentina.O presidente da Argentina, Alberto Fern\u00e1ndez, confirmou a ida de Lula a Buenos Aires no pr\u00f3ximos dias 23 e 24 de janeiro, para uma s\u00e9rie de&hellip;<\/p>\n","protected":false},"author":1,"featured_media":0,"comment_status":"open","ping_status":"open","sticky":false,"template":"","format":"standard","meta":{"footnotes":""},"categories":[1],"tags":[],"class_list":["post-27932","post","type-post","status-publish","format-standard","hentry","category-noticias"],"_links":{"self":[{"href":"https:\/\/blogdorogeriogomes.com.br\/noticias\/wp-json\/wp\/v2\/posts\/27932","targetHints":{"allow":["GET"]}}],"collection":[{"href":"https:\/\/blogdorogeriogomes.com.br\/noticias\/wp-json\/wp\/v2\/posts"}],"about":[{"href":"https:\/\/blogdorogeriogomes.com.br\/noticias\/wp-json\/wp\/v2\/types\/post"}],"author":[{"embeddable":true,"href":"https:\/\/blogdorogeriogomes.com.br\/noticias\/wp-json\/wp\/v2\/users\/1"}],"replies":[{"embeddable":true,"href":"https:\/\/blogdorogeriogomes.com.br\/noticias\/wp-json\/wp\/v2\/comments?post=27932"}],"version-history":[{"count":1,"href":"https:\/\/blogdorogeriogomes.com.br\/noticias\/wp-json\/wp\/v2\/posts\/27932\/revisions"}],"predecessor-version":[{"id":27934,"href":"https:\/\/blogdorogeriogomes.com.br\/noticias\/wp-json\/wp\/v2\/posts\/27932\/revisions\/27934"}],"wp:attachment":[{"href":"https:\/\/blogdorogeriogomes.com.br\/noticias\/wp-json\/wp\/v2\/media?parent=27932"}],"wp:term":[{"taxonomy":"category","embeddable":true,"href":"https:\/\/blogdorogeriogomes.com.br\/noticias\/wp-json\/wp\/v2\/categories?post=27932"},{"taxonomy":"post_tag","embeddable":true,"href":"https:\/\/blogdorogeriogomes.com.br\/noticias\/wp-json\/wp\/v2\/tags?post=27932"}],"curies":[{"name":"wp","href":"https:\/\/api.w.org\/{rel}","templated":true}]}}