{"id":27935,"date":"2023-01-03T12:45:16","date_gmt":"2023-01-03T12:45:16","guid":{"rendered":"https:\/\/blogdorogeriogomes.com.br\/?p=27935"},"modified":"2023-01-03T12:45:17","modified_gmt":"2023-01-03T12:45:17","slug":"em-recesso-assembleia-legislativa-sera-convocada-em-janeiro-para-tratar-de-reforma-administrativa","status":"publish","type":"post","link":"https:\/\/blogdorogeriogomes.com.br\/noticias\/2023\/01\/em-recesso-assembleia-legislativa-sera-convocada-em-janeiro-para-tratar-de-reforma-administrativa\/","title":{"rendered":"Em recesso, Assembleia Legislativa ser\u00e1 convocada em janeiro para tratar de reforma administrativa"},"content":{"rendered":"\n<p>Nos pr\u00f3ximos dias, a Assembleia Legislativa do Cear\u00e1 deve receber uma convoca\u00e7\u00e3o extraordin\u00e1ria do novo Governo Elmano de Freitas para tratar de uma reforma administrativa durante o per\u00edodo de recesso parlamentar. Dos 32 secret\u00e1rios estaduais empossados por Elmano, 14 aguardam a cria\u00e7\u00e3o das novas pastas, que precisa da autoriza\u00e7\u00e3o do Poder Legislativo.<br>Entre temas importantes a serem discutidos na Assembleia Legislativa neste primeiro semestre est\u00e1 ainda a proposta de reajuste dia servidores estaduais, al\u00e9m da elei\u00e7\u00e3o da nova Mesa Diretora prevista para o dia 1\u00b0 de fevereiro, quando tomam posse os deputados estaduais eleitos em outubro do ano passado. O atual presidente Evandro Leit\u00e3o ser\u00e1 candidato \u00e0 reelei\u00e7\u00e3o.<\/p>\n\n\n\n<figure class=\"wp-block-image size-large\"><img loading=\"lazy\" decoding=\"async\" width=\"1024\" height=\"683\" src=\"https:\/\/blogdorogeriogomes.com.br\/wp-content\/uploads\/2023\/01\/IMG-20230103-WA0028-1024x683.jpg\" alt=\"\" class=\"wp-image-27936\" srcset=\"https:\/\/blogdorogeriogomes.com.br\/noticias\/wp-content\/uploads\/2023\/01\/IMG-20230103-WA0028-1024x683.jpg 1024w, https:\/\/blogdorogeriogomes.com.br\/noticias\/wp-content\/uploads\/2023\/01\/IMG-20230103-WA0028-300x200.jpg 300w, https:\/\/blogdorogeriogomes.com.br\/noticias\/wp-content\/uploads\/2023\/01\/IMG-20230103-WA0028-768x512.jpg 768w, https:\/\/blogdorogeriogomes.com.br\/noticias\/wp-content\/uploads\/2023\/01\/IMG-20230103-WA0028-800x534.jpg 800w, https:\/\/blogdorogeriogomes.com.br\/noticias\/wp-content\/uploads\/2023\/01\/IMG-20230103-WA0028.jpg 1066w\" sizes=\"auto, (max-width: 1024px) 100vw, 1024px\" \/><\/figure>\n","protected":false},"excerpt":{"rendered":"<p>Nos pr\u00f3ximos dias, a Assembleia Legislativa do Cear\u00e1 deve receber uma convoca\u00e7\u00e3o extraordin\u00e1ria do novo Governo Elmano de Freitas para tratar de uma reforma administrativa durante o per\u00edodo de recesso parlamentar. Dos 32 secret\u00e1rios estaduais empossados por Elmano, 14 aguardam a cria\u00e7\u00e3o das novas pastas, que precisa da autoriza\u00e7\u00e3o do Poder Legislativo.Entre temas importantes a serem discutidos na Assembleia Legislativa neste primeiro semestre est\u00e1 ainda a proposta de reajuste dia servidores estaduais, al\u00e9m da elei\u00e7\u00e3o da nova Mesa Diretora&hellip;<\/p>\n","protected":false},"author":1,"featured_media":0,"comment_status":"open","ping_status":"open","sticky":false,"template":"","format":"standard","meta":{"footnotes":""},"categories":[1],"tags":[],"class_list":["post-27935","post","type-post","status-publish","format-standard","hentry","category-noticias"],"_links":{"self":[{"href":"https:\/\/blogdorogeriogomes.com.br\/noticias\/wp-json\/wp\/v2\/posts\/27935","targetHints":{"allow":["GET"]}}],"collection":[{"href":"https:\/\/blogdorogeriogomes.com.br\/noticias\/wp-json\/wp\/v2\/posts"}],"about":[{"href":"https:\/\/blogdorogeriogomes.com.br\/noticias\/wp-json\/wp\/v2\/types\/post"}],"author":[{"embeddable":true,"href":"https:\/\/blogdorogeriogomes.com.br\/noticias\/wp-json\/wp\/v2\/users\/1"}],"replies":[{"embeddable":true,"href":"https:\/\/blogdorogeriogomes.com.br\/noticias\/wp-json\/wp\/v2\/comments?post=27935"}],"version-history":[{"count":1,"href":"https:\/\/blogdorogeriogomes.com.br\/noticias\/wp-json\/wp\/v2\/posts\/27935\/revisions"}],"predecessor-version":[{"id":27937,"href":"https:\/\/blogdorogeriogomes.com.br\/noticias\/wp-json\/wp\/v2\/posts\/27935\/revisions\/27937"}],"wp:attachment":[{"href":"https:\/\/blogdorogeriogomes.com.br\/noticias\/wp-json\/wp\/v2\/media?parent=27935"}],"wp:term":[{"taxonomy":"category","embeddable":true,"href":"https:\/\/blogdorogeriogomes.com.br\/noticias\/wp-json\/wp\/v2\/categories?post=27935"},{"taxonomy":"post_tag","embeddable":true,"href":"https:\/\/blogdorogeriogomes.com.br\/noticias\/wp-json\/wp\/v2\/tags?post=27935"}],"curies":[{"name":"wp","href":"https:\/\/api.w.org\/{rel}","templated":true}]}}