{"id":27938,"date":"2023-01-04T10:35:59","date_gmt":"2023-01-04T10:35:59","guid":{"rendered":"https:\/\/blogdorogeriogomes.com.br\/?p=27938"},"modified":"2023-01-04T12:31:39","modified_gmt":"2023-01-04T12:31:39","slug":"prefeito-jose-sarto-anuncia-mudanca-em-13-orgaos-municipais","status":"publish","type":"post","link":"https:\/\/blogdorogeriogomes.com.br\/noticias\/2023\/01\/prefeito-jose-sarto-anuncia-mudanca-em-13-orgaos-municipais\/","title":{"rendered":"Prefeito Jos\u00e9 Sarto anuncia mudan\u00e7a em 13 \u00f3rg\u00e3os municipais"},"content":{"rendered":"\n<p>O prefeito Jos\u00e9 Sarto anunciou nesta ter\u00e7a-feira, dia 3 de janeiro, mudan\u00e7as no secretariado da Prefeitura de Fortaleza. Treze \u00f3rg\u00e3os municipais ter\u00e3o altera\u00e7\u00f5es na titularidade, que j\u00e1 constar\u00e3o no pr\u00f3ximo Di\u00e1rio Oficial. As Secretarias da Sa\u00fade (SMS) e dos Direitos Humanos e Desenvolvimento Social (SDHDS), al\u00e9m de seis Regionais, est\u00e3o entre as pastas que passar\u00e3o a contar com novos gestores.<\/p>\n\n\n\n<p>O m\u00e9dico pediatra e ex-diretor da Unimed Fortaleza, Jo\u00e3o Borges, assumir\u00e1 a Secretaria da Sa\u00fade no lugar de Ana Estela Leite. Na superintend\u00eancia do Instituto Doutor Jos\u00e9 Frota, assume o m\u00e9dico Daniel Holanda, em substitui\u00e7\u00e3o \u00e0 Riane Azevedo.<\/p>\n\n\n\n<p>A SDHDS ter\u00e1 \u00e0 frente o advogado e auditor-fiscal do Trabalho, Francisco Ibiapina, substituindo Il\u00e1rio Marques. Os secret\u00e1rios Jo\u00e3o Pupo e Ferruccio Feitosa, que estavam respectivamente na Gest\u00e3o Regional (Seger) e na Conserva\u00e7\u00e3o e Servi\u00e7os P\u00fablicos (SCSP), trocam de lugar.<\/p>\n\n\n\n<p>Seis das 12 Secretarias Regionais passar\u00e3o por mudan\u00e7a de gest\u00e3o. Na Regional 3, Michel Lins deixa o cargo e retorna \u00e0 C\u00e2mara Municipal, abrindo a vaga para o advogado Isaac Andrade. Na Regional 6, o vereador Renan Colares assume no lugar de T\u00falio Studart. O engenheiro civil Luiz Taumaturgo \u00e9 o novo secret\u00e1rio da Regional 8, substituindo Mosiah Torgan. Na Regional 10, sai Leonardo Freire e entra o cientista jur\u00eddico Ubiratan Teixeira. J\u00e1 a Regional 11, que contava com o vereador Raimundo Filho, ser\u00e1 comandada pelo administrador de empresas e advogado S\u00f3crates Cabral.<\/p>\n\n\n\n<p>O Departamento Municipal de Prote\u00e7\u00e3o e Defesa dos Direitos do Consumidor (Procon) contar\u00e1 com o vereador Wellington Sab\u00f3ia como diretor, no lugar de Eneyl\u00e2ndia Rabelo.<\/p>\n\n\n\n<p>A Regional 9 passa a ter o vereador Esio Feitosa como titular, enquanto Paulo Henrique Lustosa, que estava \u00e0 frente da pasta, ser\u00e1 superintendente da Autarquia de Regula\u00e7\u00e3o, Fiscaliza\u00e7\u00e3o e Controle dos Servi\u00e7os P\u00fablicos de Saneamento Ambiental (ACFor).<\/p>\n\n\n\n<figure class=\"wp-block-image size-large\"><img loading=\"lazy\" decoding=\"async\" width=\"1024\" height=\"602\" src=\"https:\/\/blogdorogeriogomes.com.br\/wp-content\/uploads\/2023\/01\/02-01-2022-Lei-1024x602.jpg\" alt=\"\" class=\"wp-image-27939\" srcset=\"https:\/\/blogdorogeriogomes.com.br\/noticias\/wp-content\/uploads\/2023\/01\/02-01-2022-Lei-1024x602.jpg 1024w, https:\/\/blogdorogeriogomes.com.br\/noticias\/wp-content\/uploads\/2023\/01\/02-01-2022-Lei-300x176.jpg 300w, https:\/\/blogdorogeriogomes.com.br\/noticias\/wp-content\/uploads\/2023\/01\/02-01-2022-Lei-768x451.jpg 768w, https:\/\/blogdorogeriogomes.com.br\/noticias\/wp-content\/uploads\/2023\/01\/02-01-2022-Lei-1536x902.jpg 1536w, https:\/\/blogdorogeriogomes.com.br\/noticias\/wp-content\/uploads\/2023\/01\/02-01-2022-Lei-800x470.jpg 800w, https:\/\/blogdorogeriogomes.com.br\/noticias\/wp-content\/uploads\/2023\/01\/02-01-2022-Lei.jpg 1600w\" sizes=\"auto, (max-width: 1024px) 100vw, 1024px\" \/><\/figure>\n","protected":false},"excerpt":{"rendered":"<p>O prefeito Jos\u00e9 Sarto anunciou nesta ter\u00e7a-feira, dia 3 de janeiro, mudan\u00e7as no secretariado da Prefeitura de Fortaleza. Treze \u00f3rg\u00e3os municipais ter\u00e3o altera\u00e7\u00f5es na titularidade, que j\u00e1 constar\u00e3o no pr\u00f3ximo Di\u00e1rio Oficial. As Secretarias da Sa\u00fade (SMS) e dos Direitos Humanos e Desenvolvimento Social (SDHDS), al\u00e9m de seis Regionais, est\u00e3o entre as pastas que passar\u00e3o a contar com novos gestores. O m\u00e9dico pediatra e ex-diretor da Unimed Fortaleza, Jo\u00e3o Borges, assumir\u00e1 a Secretaria da Sa\u00fade no lugar de Ana&hellip;<\/p>\n","protected":false},"author":1,"featured_media":27939,"comment_status":"open","ping_status":"open","sticky":false,"template":"","format":"standard","meta":{"footnotes":""},"categories":[1],"tags":[],"class_list":["post-27938","post","type-post","status-publish","format-standard","has-post-thumbnail","hentry","category-noticias"],"_links":{"self":[{"href":"https:\/\/blogdorogeriogomes.com.br\/noticias\/wp-json\/wp\/v2\/posts\/27938","targetHints":{"allow":["GET"]}}],"collection":[{"href":"https:\/\/blogdorogeriogomes.com.br\/noticias\/wp-json\/wp\/v2\/posts"}],"about":[{"href":"https:\/\/blogdorogeriogomes.com.br\/noticias\/wp-json\/wp\/v2\/types\/post"}],"author":[{"embeddable":true,"href":"https:\/\/blogdorogeriogomes.com.br\/noticias\/wp-json\/wp\/v2\/users\/1"}],"replies":[{"embeddable":true,"href":"https:\/\/blogdorogeriogomes.com.br\/noticias\/wp-json\/wp\/v2\/comments?post=27938"}],"version-history":[{"count":1,"href":"https:\/\/blogdorogeriogomes.com.br\/noticias\/wp-json\/wp\/v2\/posts\/27938\/revisions"}],"predecessor-version":[{"id":27940,"href":"https:\/\/blogdorogeriogomes.com.br\/noticias\/wp-json\/wp\/v2\/posts\/27938\/revisions\/27940"}],"wp:featuredmedia":[{"embeddable":true,"href":"https:\/\/blogdorogeriogomes.com.br\/noticias\/wp-json\/wp\/v2\/media\/27939"}],"wp:attachment":[{"href":"https:\/\/blogdorogeriogomes.com.br\/noticias\/wp-json\/wp\/v2\/media?parent=27938"}],"wp:term":[{"taxonomy":"category","embeddable":true,"href":"https:\/\/blogdorogeriogomes.com.br\/noticias\/wp-json\/wp\/v2\/categories?post=27938"},{"taxonomy":"post_tag","embeddable":true,"href":"https:\/\/blogdorogeriogomes.com.br\/noticias\/wp-json\/wp\/v2\/tags?post=27938"}],"curies":[{"name":"wp","href":"https:\/\/api.w.org\/{rel}","templated":true}]}}