{"id":27941,"date":"2023-01-04T10:59:55","date_gmt":"2023-01-04T10:59:55","guid":{"rendered":"https:\/\/blogdorogeriogomes.com.br\/?p=27941"},"modified":"2023-01-04T12:31:29","modified_gmt":"2023-01-04T12:31:29","slug":"elmano-de-freitas-promete-reforco-policial-em-areas-com-atuacao-de-faccoes-criminosas","status":"publish","type":"post","link":"https:\/\/blogdorogeriogomes.com.br\/noticias\/2023\/01\/elmano-de-freitas-promete-reforco-policial-em-areas-com-atuacao-de-faccoes-criminosas\/","title":{"rendered":"Elmano de Freitas promete refor\u00e7o policial em \u00e1reas com atua\u00e7\u00e3o de fac\u00e7\u00f5es criminosas"},"content":{"rendered":"\n<p>Para reduzir a criminalidade, um dos pontos mais cobrados pela popula\u00e7\u00e3o cearense, o governador Elmano de Freitas promete a cria\u00e7\u00e3o de c\u00e9lulas do estado em regi\u00f5es onde atualmente fac\u00e7\u00f5es dominam. A ideia \u00e9 refor\u00e7ar o policiamento especializado nessas \u00e1reas.<\/p>\n\n\n\n<p>&#8220;Temos que garantir e a retomada de territ\u00f3rio. O estado comanda o territ\u00f3rio. Estamos instituindo o comando da Pol\u00edcia Militar como forma de preven\u00e7\u00e3o. Vou colocar Pol\u00edcia Militar dentro dos conjuntos habitacionais. Para a pol\u00edcia ficar l\u00e1 de forma permanente. N\u00e3o vamos aceitar de maneira alguma organiza\u00e7\u00e3o criminosa expulsar fam\u00edlias de suas casas&#8221;, afirmou o governador do Cear\u00e1.<\/p>\n\n\n\n<p>O governador Elmano de Freitas sancionou, nesta ter\u00e7a-feira, dia 3 de janeiro, a Lei do Piso Salarial da Advocacia. A a\u00e7\u00e3o foi realizada na sede da Ordem do Advogados do Brasil \u2013 Sec\u00e7\u00e3o Cear\u00e1 (OAB-CE), em Fortaleza, e contou com a presen\u00e7a do presidente do \u00f3rg\u00e3o, Erinaldo Dantas. A Lei determina remunera\u00e7\u00e3o da categoria em exerc\u00edcio estabelecendo valores de R$ 1,9 mil por m\u00eas, para jornada de 4 horas di\u00e1rias ou 20 horas semanais, e de R$ 3,1 mil mensais, para jornada de 8 horas por dia ou 40 horas semanais.&nbsp;<\/p>\n\n\n\n<figure class=\"wp-block-image size-large\"><img loading=\"lazy\" decoding=\"async\" width=\"1024\" height=\"683\" src=\"https:\/\/blogdorogeriogomes.com.br\/wp-content\/uploads\/2023\/01\/JW02304-1200x800-1-1024x683.jpg\" alt=\"\" class=\"wp-image-27942\" srcset=\"https:\/\/blogdorogeriogomes.com.br\/noticias\/wp-content\/uploads\/2023\/01\/JW02304-1200x800-1-1024x683.jpg 1024w, https:\/\/blogdorogeriogomes.com.br\/noticias\/wp-content\/uploads\/2023\/01\/JW02304-1200x800-1-300x200.jpg 300w, https:\/\/blogdorogeriogomes.com.br\/noticias\/wp-content\/uploads\/2023\/01\/JW02304-1200x800-1-768x512.jpg 768w, https:\/\/blogdorogeriogomes.com.br\/noticias\/wp-content\/uploads\/2023\/01\/JW02304-1200x800-1-800x533.jpg 800w, https:\/\/blogdorogeriogomes.com.br\/noticias\/wp-content\/uploads\/2023\/01\/JW02304-1200x800-1.jpg 1200w\" sizes=\"auto, (max-width: 1024px) 100vw, 1024px\" \/><\/figure>\n\n\n\n<p><\/p>\n","protected":false},"excerpt":{"rendered":"<p>Para reduzir a criminalidade, um dos pontos mais cobrados pela popula\u00e7\u00e3o cearense, o governador Elmano de Freitas promete a cria\u00e7\u00e3o de c\u00e9lulas do estado em regi\u00f5es onde atualmente fac\u00e7\u00f5es dominam. A ideia \u00e9 refor\u00e7ar o policiamento especializado nessas \u00e1reas. &#8220;Temos que garantir e a retomada de territ\u00f3rio. O estado comanda o territ\u00f3rio. Estamos instituindo o comando da Pol\u00edcia Militar como forma de preven\u00e7\u00e3o. Vou colocar Pol\u00edcia Militar dentro dos conjuntos habitacionais. Para a pol\u00edcia ficar l\u00e1 de forma permanente.&hellip;<\/p>\n","protected":false},"author":1,"featured_media":27942,"comment_status":"open","ping_status":"open","sticky":false,"template":"","format":"standard","meta":{"footnotes":""},"categories":[1],"tags":[],"class_list":["post-27941","post","type-post","status-publish","format-standard","has-post-thumbnail","hentry","category-noticias"],"_links":{"self":[{"href":"https:\/\/blogdorogeriogomes.com.br\/noticias\/wp-json\/wp\/v2\/posts\/27941","targetHints":{"allow":["GET"]}}],"collection":[{"href":"https:\/\/blogdorogeriogomes.com.br\/noticias\/wp-json\/wp\/v2\/posts"}],"about":[{"href":"https:\/\/blogdorogeriogomes.com.br\/noticias\/wp-json\/wp\/v2\/types\/post"}],"author":[{"embeddable":true,"href":"https:\/\/blogdorogeriogomes.com.br\/noticias\/wp-json\/wp\/v2\/users\/1"}],"replies":[{"embeddable":true,"href":"https:\/\/blogdorogeriogomes.com.br\/noticias\/wp-json\/wp\/v2\/comments?post=27941"}],"version-history":[{"count":2,"href":"https:\/\/blogdorogeriogomes.com.br\/noticias\/wp-json\/wp\/v2\/posts\/27941\/revisions"}],"predecessor-version":[{"id":27954,"href":"https:\/\/blogdorogeriogomes.com.br\/noticias\/wp-json\/wp\/v2\/posts\/27941\/revisions\/27954"}],"wp:featuredmedia":[{"embeddable":true,"href":"https:\/\/blogdorogeriogomes.com.br\/noticias\/wp-json\/wp\/v2\/media\/27942"}],"wp:attachment":[{"href":"https:\/\/blogdorogeriogomes.com.br\/noticias\/wp-json\/wp\/v2\/media?parent=27941"}],"wp:term":[{"taxonomy":"category","embeddable":true,"href":"https:\/\/blogdorogeriogomes.com.br\/noticias\/wp-json\/wp\/v2\/categories?post=27941"},{"taxonomy":"post_tag","embeddable":true,"href":"https:\/\/blogdorogeriogomes.com.br\/noticias\/wp-json\/wp\/v2\/tags?post=27941"}],"curies":[{"name":"wp","href":"https:\/\/api.w.org\/{rel}","templated":true}]}}