{"id":27950,"date":"2023-01-04T11:29:43","date_gmt":"2023-01-04T11:29:43","guid":{"rendered":"https:\/\/blogdorogeriogomes.com.br\/?p=27950"},"modified":"2023-01-04T12:29:31","modified_gmt":"2023-01-04T12:29:31","slug":"com-a-volta-de-lula-noruega-libera-fundo-de-r-34-bilhoes-para-combater-desmatamento-na-amazonia","status":"publish","type":"post","link":"https:\/\/blogdorogeriogomes.com.br\/noticias\/2023\/01\/com-a-volta-de-lula-noruega-libera-fundo-de-r-34-bilhoes-para-combater-desmatamento-na-amazonia\/","title":{"rendered":"Com a volta de Lula, Noruega libera fundo de R$ 3,4 bilh\u00f5es para combater desmatamento na Amaz\u00f4nia"},"content":{"rendered":"\n<p>A Noruega, principal doadora do Fundo Amaz\u00f4nia, afirmou que a iniciativa de apoio \u00e0 prote\u00e7\u00e3o florestal est\u00e1 sendo reativada agora que o presidente Luiz In\u00e1cio Lula da Silva tomou posse prometendo acabar com o desmatamento.<\/p>\n\n\n\n<p>A Noruega anunciou no in\u00edcio desta semana que o fundo, que ainda tem aproximadamente 3,4 bilh\u00f5es de reais dispon\u00edveis para projetos de sustentabilidade, est\u00e1 de volta \u00e0 opera\u00e7\u00e3o.<\/p>\n\n\n\n<p>O fundo estava congelado desde agosto de 2019, depois que o ent\u00e3o presidente Jair Bolsonaro extinguiu seu conselho e encerrou projetos de combate ao desmatamento, em uma viola\u00e7\u00e3o do acordo original quando o fundo foi criado em 2008.<\/p>\n\n\n\n<figure class=\"wp-block-image size-full\"><img loading=\"lazy\" decoding=\"async\" width=\"540\" height=\"304\" src=\"https:\/\/blogdorogeriogomes.com.br\/wp-content\/uploads\/2023\/01\/lula-posse-dsc01311-fabio-tito.jpg\" alt=\"\" class=\"wp-image-27951\" srcset=\"https:\/\/blogdorogeriogomes.com.br\/noticias\/wp-content\/uploads\/2023\/01\/lula-posse-dsc01311-fabio-tito.jpg 540w, https:\/\/blogdorogeriogomes.com.br\/noticias\/wp-content\/uploads\/2023\/01\/lula-posse-dsc01311-fabio-tito-300x169.jpg 300w\" sizes=\"auto, (max-width: 540px) 100vw, 540px\" \/><\/figure>\n","protected":false},"excerpt":{"rendered":"<p>A Noruega, principal doadora do Fundo Amaz\u00f4nia, afirmou que a iniciativa de apoio \u00e0 prote\u00e7\u00e3o florestal est\u00e1 sendo reativada agora que o presidente Luiz In\u00e1cio Lula da Silva tomou posse prometendo acabar com o desmatamento. A Noruega anunciou no in\u00edcio desta semana que o fundo, que ainda tem aproximadamente 3,4 bilh\u00f5es de reais dispon\u00edveis para projetos de sustentabilidade, est\u00e1 de volta \u00e0 opera\u00e7\u00e3o. O fundo estava congelado desde agosto de 2019, depois que o ent\u00e3o presidente Jair Bolsonaro extinguiu&hellip;<\/p>\n","protected":false},"author":1,"featured_media":27951,"comment_status":"open","ping_status":"open","sticky":false,"template":"","format":"standard","meta":{"footnotes":""},"categories":[1],"tags":[],"class_list":["post-27950","post","type-post","status-publish","format-standard","has-post-thumbnail","hentry","category-noticias"],"_links":{"self":[{"href":"https:\/\/blogdorogeriogomes.com.br\/noticias\/wp-json\/wp\/v2\/posts\/27950","targetHints":{"allow":["GET"]}}],"collection":[{"href":"https:\/\/blogdorogeriogomes.com.br\/noticias\/wp-json\/wp\/v2\/posts"}],"about":[{"href":"https:\/\/blogdorogeriogomes.com.br\/noticias\/wp-json\/wp\/v2\/types\/post"}],"author":[{"embeddable":true,"href":"https:\/\/blogdorogeriogomes.com.br\/noticias\/wp-json\/wp\/v2\/users\/1"}],"replies":[{"embeddable":true,"href":"https:\/\/blogdorogeriogomes.com.br\/noticias\/wp-json\/wp\/v2\/comments?post=27950"}],"version-history":[{"count":1,"href":"https:\/\/blogdorogeriogomes.com.br\/noticias\/wp-json\/wp\/v2\/posts\/27950\/revisions"}],"predecessor-version":[{"id":27952,"href":"https:\/\/blogdorogeriogomes.com.br\/noticias\/wp-json\/wp\/v2\/posts\/27950\/revisions\/27952"}],"wp:featuredmedia":[{"embeddable":true,"href":"https:\/\/blogdorogeriogomes.com.br\/noticias\/wp-json\/wp\/v2\/media\/27951"}],"wp:attachment":[{"href":"https:\/\/blogdorogeriogomes.com.br\/noticias\/wp-json\/wp\/v2\/media?parent=27950"}],"wp:term":[{"taxonomy":"category","embeddable":true,"href":"https:\/\/blogdorogeriogomes.com.br\/noticias\/wp-json\/wp\/v2\/categories?post=27950"},{"taxonomy":"post_tag","embeddable":true,"href":"https:\/\/blogdorogeriogomes.com.br\/noticias\/wp-json\/wp\/v2\/tags?post=27950"}],"curies":[{"name":"wp","href":"https:\/\/api.w.org\/{rel}","templated":true}]}}