{"id":27961,"date":"2023-01-05T11:28:04","date_gmt":"2023-01-05T11:28:04","guid":{"rendered":"https:\/\/blogdorogeriogomes.com.br\/?p=27961"},"modified":"2023-01-05T12:28:33","modified_gmt":"2023-01-05T12:28:33","slug":"governo-elmano-define-comandos-para-metrofor-detran-adece-e-sop","status":"publish","type":"post","link":"https:\/\/blogdorogeriogomes.com.br\/noticias\/2023\/01\/governo-elmano-define-comandos-para-metrofor-detran-adece-e-sop\/","title":{"rendered":"Governo Elmano define comandos para Metrofor, Detran, Adece e SOP"},"content":{"rendered":"\n<p>O governador do Cear\u00e1, Elmano de Freitas (PT), come\u00e7ou a definir os cargos do segundo escal\u00e3o. Nesta quarta-feira, dia 4 de janeiro, Elmano definiu os nomes para comandar o Metrofor, Ag\u00eancia de Desenvolvimento do Cear\u00e1 (Adece), Detran e Superintend\u00eancia de Obras P\u00fablicas (SOP).<br>No Metrofor, o comando ficar\u00e1 com Pl\u00ednio Saboya. A Adece ter\u00e1 Danilo Serpa \u00e0 frente. No Detran, o comando fica com Michel Mour\u00e3o. E na SOP continua Quintino Vieira.<\/p>\n\n\n\n<figure class=\"wp-block-image size-large\"><img loading=\"lazy\" decoding=\"async\" width=\"1024\" height=\"1024\" src=\"https:\/\/blogdorogeriogomes.com.br\/wp-content\/uploads\/2023\/01\/IMG_20230105_082319_621-1024x1024.webp\" alt=\"\" class=\"wp-image-27962\" srcset=\"https:\/\/blogdorogeriogomes.com.br\/noticias\/wp-content\/uploads\/2023\/01\/IMG_20230105_082319_621-1024x1024.webp 1024w, https:\/\/blogdorogeriogomes.com.br\/noticias\/wp-content\/uploads\/2023\/01\/IMG_20230105_082319_621-300x300.webp 300w, https:\/\/blogdorogeriogomes.com.br\/noticias\/wp-content\/uploads\/2023\/01\/IMG_20230105_082319_621-150x150.webp 150w, https:\/\/blogdorogeriogomes.com.br\/noticias\/wp-content\/uploads\/2023\/01\/IMG_20230105_082319_621-768x768.webp 768w, https:\/\/blogdorogeriogomes.com.br\/noticias\/wp-content\/uploads\/2023\/01\/IMG_20230105_082319_621-800x800.webp 800w, https:\/\/blogdorogeriogomes.com.br\/noticias\/wp-content\/uploads\/2023\/01\/IMG_20230105_082319_621-250x250.webp 250w, https:\/\/blogdorogeriogomes.com.br\/noticias\/wp-content\/uploads\/2023\/01\/IMG_20230105_082319_621.webp 1080w\" sizes=\"auto, (max-width: 1024px) 100vw, 1024px\" \/><\/figure>\n\n\n\n<figure class=\"wp-block-image size-large\"><img loading=\"lazy\" decoding=\"async\" width=\"1024\" height=\"1024\" src=\"https:\/\/blogdorogeriogomes.com.br\/wp-content\/uploads\/2023\/01\/IMG_20230105_082319_706-1024x1024.webp\" alt=\"\" class=\"wp-image-27963\" srcset=\"https:\/\/blogdorogeriogomes.com.br\/noticias\/wp-content\/uploads\/2023\/01\/IMG_20230105_082319_706-1024x1024.webp 1024w, https:\/\/blogdorogeriogomes.com.br\/noticias\/wp-content\/uploads\/2023\/01\/IMG_20230105_082319_706-300x300.webp 300w, https:\/\/blogdorogeriogomes.com.br\/noticias\/wp-content\/uploads\/2023\/01\/IMG_20230105_082319_706-150x150.webp 150w, https:\/\/blogdorogeriogomes.com.br\/noticias\/wp-content\/uploads\/2023\/01\/IMG_20230105_082319_706-768x768.webp 768w, https:\/\/blogdorogeriogomes.com.br\/noticias\/wp-content\/uploads\/2023\/01\/IMG_20230105_082319_706-800x800.webp 800w, https:\/\/blogdorogeriogomes.com.br\/noticias\/wp-content\/uploads\/2023\/01\/IMG_20230105_082319_706-250x250.webp 250w, https:\/\/blogdorogeriogomes.com.br\/noticias\/wp-content\/uploads\/2023\/01\/IMG_20230105_082319_706.webp 1080w\" sizes=\"auto, (max-width: 1024px) 100vw, 1024px\" \/><\/figure>\n\n\n\n<figure class=\"wp-block-image size-large\"><img loading=\"lazy\" decoding=\"async\" width=\"1024\" height=\"1024\" src=\"https:\/\/blogdorogeriogomes.com.br\/wp-content\/uploads\/2023\/01\/IMG_20230105_082319_733-1024x1024.webp\" alt=\"\" class=\"wp-image-27964\" srcset=\"https:\/\/blogdorogeriogomes.com.br\/noticias\/wp-content\/uploads\/2023\/01\/IMG_20230105_082319_733-1024x1024.webp 1024w, https:\/\/blogdorogeriogomes.com.br\/noticias\/wp-content\/uploads\/2023\/01\/IMG_20230105_082319_733-300x300.webp 300w, https:\/\/blogdorogeriogomes.com.br\/noticias\/wp-content\/uploads\/2023\/01\/IMG_20230105_082319_733-150x150.webp 150w, https:\/\/blogdorogeriogomes.com.br\/noticias\/wp-content\/uploads\/2023\/01\/IMG_20230105_082319_733-768x768.webp 768w, https:\/\/blogdorogeriogomes.com.br\/noticias\/wp-content\/uploads\/2023\/01\/IMG_20230105_082319_733-800x800.webp 800w, https:\/\/blogdorogeriogomes.com.br\/noticias\/wp-content\/uploads\/2023\/01\/IMG_20230105_082319_733-250x250.webp 250w, https:\/\/blogdorogeriogomes.com.br\/noticias\/wp-content\/uploads\/2023\/01\/IMG_20230105_082319_733.webp 1080w\" sizes=\"auto, (max-width: 1024px) 100vw, 1024px\" \/><\/figure>\n\n\n\n<figure class=\"wp-block-image size-large\"><img loading=\"lazy\" decoding=\"async\" width=\"1024\" height=\"1024\" src=\"https:\/\/blogdorogeriogomes.com.br\/wp-content\/uploads\/2023\/01\/IMG_20230105_082319_770-1024x1024.webp\" alt=\"\" class=\"wp-image-27965\" srcset=\"https:\/\/blogdorogeriogomes.com.br\/noticias\/wp-content\/uploads\/2023\/01\/IMG_20230105_082319_770-1024x1024.webp 1024w, https:\/\/blogdorogeriogomes.com.br\/noticias\/wp-content\/uploads\/2023\/01\/IMG_20230105_082319_770-300x300.webp 300w, https:\/\/blogdorogeriogomes.com.br\/noticias\/wp-content\/uploads\/2023\/01\/IMG_20230105_082319_770-150x150.webp 150w, https:\/\/blogdorogeriogomes.com.br\/noticias\/wp-content\/uploads\/2023\/01\/IMG_20230105_082319_770-768x768.webp 768w, https:\/\/blogdorogeriogomes.com.br\/noticias\/wp-content\/uploads\/2023\/01\/IMG_20230105_082319_770-800x800.webp 800w, https:\/\/blogdorogeriogomes.com.br\/noticias\/wp-content\/uploads\/2023\/01\/IMG_20230105_082319_770-250x250.webp 250w, https:\/\/blogdorogeriogomes.com.br\/noticias\/wp-content\/uploads\/2023\/01\/IMG_20230105_082319_770.webp 1080w\" sizes=\"auto, (max-width: 1024px) 100vw, 1024px\" \/><\/figure>\n","protected":false},"excerpt":{"rendered":"<p>O governador do Cear\u00e1, Elmano de Freitas (PT), come\u00e7ou a definir os cargos do segundo escal\u00e3o. Nesta quarta-feira, dia 4 de janeiro, Elmano definiu os nomes para comandar o Metrofor, Ag\u00eancia de Desenvolvimento do Cear\u00e1 (Adece), Detran e Superintend\u00eancia de Obras P\u00fablicas (SOP).No Metrofor, o comando ficar\u00e1 com Pl\u00ednio Saboya. A Adece ter\u00e1 Danilo Serpa \u00e0 frente. No Detran, o comando fica com Michel Mour\u00e3o. E na SOP continua Quintino Vieira.<\/p>\n","protected":false},"author":1,"featured_media":27962,"comment_status":"open","ping_status":"open","sticky":false,"template":"","format":"standard","meta":{"footnotes":""},"categories":[1],"tags":[],"class_list":["post-27961","post","type-post","status-publish","format-standard","has-post-thumbnail","hentry","category-noticias"],"_links":{"self":[{"href":"https:\/\/blogdorogeriogomes.com.br\/noticias\/wp-json\/wp\/v2\/posts\/27961","targetHints":{"allow":["GET"]}}],"collection":[{"href":"https:\/\/blogdorogeriogomes.com.br\/noticias\/wp-json\/wp\/v2\/posts"}],"about":[{"href":"https:\/\/blogdorogeriogomes.com.br\/noticias\/wp-json\/wp\/v2\/types\/post"}],"author":[{"embeddable":true,"href":"https:\/\/blogdorogeriogomes.com.br\/noticias\/wp-json\/wp\/v2\/users\/1"}],"replies":[{"embeddable":true,"href":"https:\/\/blogdorogeriogomes.com.br\/noticias\/wp-json\/wp\/v2\/comments?post=27961"}],"version-history":[{"count":1,"href":"https:\/\/blogdorogeriogomes.com.br\/noticias\/wp-json\/wp\/v2\/posts\/27961\/revisions"}],"predecessor-version":[{"id":27966,"href":"https:\/\/blogdorogeriogomes.com.br\/noticias\/wp-json\/wp\/v2\/posts\/27961\/revisions\/27966"}],"wp:featuredmedia":[{"embeddable":true,"href":"https:\/\/blogdorogeriogomes.com.br\/noticias\/wp-json\/wp\/v2\/media\/27962"}],"wp:attachment":[{"href":"https:\/\/blogdorogeriogomes.com.br\/noticias\/wp-json\/wp\/v2\/media?parent=27961"}],"wp:term":[{"taxonomy":"category","embeddable":true,"href":"https:\/\/blogdorogeriogomes.com.br\/noticias\/wp-json\/wp\/v2\/categories?post=27961"},{"taxonomy":"post_tag","embeddable":true,"href":"https:\/\/blogdorogeriogomes.com.br\/noticias\/wp-json\/wp\/v2\/tags?post=27961"}],"curies":[{"name":"wp","href":"https:\/\/api.w.org\/{rel}","templated":true}]}}