{"id":27970,"date":"2023-01-06T00:29:37","date_gmt":"2023-01-06T00:29:37","guid":{"rendered":"https:\/\/blogdorogeriogomes.com.br\/?p=27970"},"modified":"2023-01-06T19:27:19","modified_gmt":"2023-01-06T19:27:19","slug":"elcio-batista-assume-prefeitura-de-fortaleza-com-viagem-de-jose-sarto-ao-exterior","status":"publish","type":"post","link":"https:\/\/blogdorogeriogomes.com.br\/noticias\/2023\/01\/elcio-batista-assume-prefeitura-de-fortaleza-com-viagem-de-jose-sarto-ao-exterior\/","title":{"rendered":"Elcio Batista assume Prefeitura de Fortaleza com viagem de Jos\u00e9 Sarto ao Exterior"},"content":{"rendered":"\n<p>O vice-prefeito \u00c9lcio Batista (PSB) assumiu interinamente o comando da Prefeitura de Fortaleza, nesta quinta-feira, dia 5 de janeiro. Ele fica como prefeito da Capital pelos pr\u00f3ximos 15 dias, enquanto Jos\u00e9 Sarto (PDT) estiver de licen\u00e7a para visitar parentes no exterior.&nbsp;<br>\u00c9lcio Batista \u00e9 o meu convidado no programa BandEntrevista, a partir das 18h50min, neste s\u00e1bado, dia 6 de janeiro, na Band Cear\u00e1 &#8211; Canal 20.1. Ele fala de v\u00e1rios projetos da administra\u00e7\u00e3o municipal e as perspectivas para 2023.<\/p>\n\n\n\n<figure class=\"wp-block-image size-full\"><img loading=\"lazy\" decoding=\"async\" width=\"723\" height=\"424\" src=\"https:\/\/blogdorogeriogomes.com.br\/wp-content\/uploads\/2023\/01\/images-1.jpeg\" alt=\"\" class=\"wp-image-27972\" srcset=\"https:\/\/blogdorogeriogomes.com.br\/noticias\/wp-content\/uploads\/2023\/01\/images-1.jpeg 723w, https:\/\/blogdorogeriogomes.com.br\/noticias\/wp-content\/uploads\/2023\/01\/images-1-300x176.jpeg 300w\" sizes=\"auto, (max-width: 723px) 100vw, 723px\" \/><\/figure>\n","protected":false},"excerpt":{"rendered":"<p>O vice-prefeito \u00c9lcio Batista (PSB) assumiu interinamente o comando da Prefeitura de Fortaleza, nesta quinta-feira, dia 5 de janeiro. Ele fica como prefeito da Capital pelos pr\u00f3ximos 15 dias, enquanto Jos\u00e9 Sarto (PDT) estiver de licen\u00e7a para visitar parentes no exterior.&nbsp;\u00c9lcio Batista \u00e9 o meu convidado no programa BandEntrevista, a partir das 18h50min, neste s\u00e1bado, dia 6 de janeiro, na Band Cear\u00e1 &#8211; Canal 20.1. Ele fala de v\u00e1rios projetos da administra\u00e7\u00e3o municipal e as perspectivas para 2023.<\/p>\n","protected":false},"author":1,"featured_media":27972,"comment_status":"open","ping_status":"open","sticky":false,"template":"","format":"standard","meta":{"footnotes":""},"categories":[1],"tags":[],"class_list":["post-27970","post","type-post","status-publish","format-standard","has-post-thumbnail","hentry","category-noticias"],"_links":{"self":[{"href":"https:\/\/blogdorogeriogomes.com.br\/noticias\/wp-json\/wp\/v2\/posts\/27970","targetHints":{"allow":["GET"]}}],"collection":[{"href":"https:\/\/blogdorogeriogomes.com.br\/noticias\/wp-json\/wp\/v2\/posts"}],"about":[{"href":"https:\/\/blogdorogeriogomes.com.br\/noticias\/wp-json\/wp\/v2\/types\/post"}],"author":[{"embeddable":true,"href":"https:\/\/blogdorogeriogomes.com.br\/noticias\/wp-json\/wp\/v2\/users\/1"}],"replies":[{"embeddable":true,"href":"https:\/\/blogdorogeriogomes.com.br\/noticias\/wp-json\/wp\/v2\/comments?post=27970"}],"version-history":[{"count":1,"href":"https:\/\/blogdorogeriogomes.com.br\/noticias\/wp-json\/wp\/v2\/posts\/27970\/revisions"}],"predecessor-version":[{"id":27973,"href":"https:\/\/blogdorogeriogomes.com.br\/noticias\/wp-json\/wp\/v2\/posts\/27970\/revisions\/27973"}],"wp:featuredmedia":[{"embeddable":true,"href":"https:\/\/blogdorogeriogomes.com.br\/noticias\/wp-json\/wp\/v2\/media\/27972"}],"wp:attachment":[{"href":"https:\/\/blogdorogeriogomes.com.br\/noticias\/wp-json\/wp\/v2\/media?parent=27970"}],"wp:term":[{"taxonomy":"category","embeddable":true,"href":"https:\/\/blogdorogeriogomes.com.br\/noticias\/wp-json\/wp\/v2\/categories?post=27970"},{"taxonomy":"post_tag","embeddable":true,"href":"https:\/\/blogdorogeriogomes.com.br\/noticias\/wp-json\/wp\/v2\/tags?post=27970"}],"curies":[{"name":"wp","href":"https:\/\/api.w.org\/{rel}","templated":true}]}}