{"id":27974,"date":"2023-01-06T00:36:27","date_gmt":"2023-01-06T00:36:27","guid":{"rendered":"https:\/\/blogdorogeriogomes.com.br\/?p=27974"},"modified":"2023-01-06T19:27:54","modified_gmt":"2023-01-06T19:27:54","slug":"vereadores-de-fortaleza-vao-analisar-ampliacao-da-faixa-de-isencao-da-taxa-de-lixo-na-proxima-semana","status":"publish","type":"post","link":"https:\/\/blogdorogeriogomes.com.br\/noticias\/2023\/01\/vereadores-de-fortaleza-vao-analisar-ampliacao-da-faixa-de-isencao-da-taxa-de-lixo-na-proxima-semana\/","title":{"rendered":"Vereadores de Fortaleza v\u00e3o analisar amplia\u00e7\u00e3o da faixa de isen\u00e7\u00e3o da taxa de lixo na pr\u00f3xima semana"},"content":{"rendered":"\n<p>Os vereadores de Fortaleza est\u00e3o em recesso parlamentar neste m\u00eas de janeiro, mas foram convocados pelo novo presidente da C\u00e2mara Municipal, Gardel Rolim (PDT) para analisar uma mensagem do prefeito Jos\u00e9 Sarto, que aumenta a faixa de isen\u00e7\u00e3o da rec\u00e9m-criada taxa de lixo para 70% dos fortalezenses.<\/p>\n\n\n\n<p>Caso seja aprovada, a medida significa que apenas 30% dos moradores da Capital v\u00e3o pagar o novo imposto, que foi aprovado pela C\u00e2mara Municipal de Fortaleza em dezembro passado.<\/p>\n\n\n\n<p>A faixa de isen\u00e7\u00e3o era pra ter sido votada ainda em dezembro, mas foi boicotada por vereadores da oposi\u00e7\u00e3o em protesto \u00e0 aprova\u00e7\u00e3o da taxa de lixo. Parlamentares da oposi\u00e7\u00e3o e alguns da base de Sarto ainda esperam uma posi\u00e7\u00e3o da Justi\u00e7a para barrar o novo imposto.<\/p>\n\n\n\n<figure class=\"wp-block-image size-large\"><img loading=\"lazy\" decoding=\"async\" width=\"576\" height=\"1024\" src=\"https:\/\/blogdorogeriogomes.com.br\/wp-content\/uploads\/2022\/12\/IMG-20221220-WA0004-576x1024.jpg\" alt=\"\" class=\"wp-image-27817\" srcset=\"https:\/\/blogdorogeriogomes.com.br\/noticias\/wp-content\/uploads\/2022\/12\/IMG-20221220-WA0004-576x1024.jpg 576w, https:\/\/blogdorogeriogomes.com.br\/noticias\/wp-content\/uploads\/2022\/12\/IMG-20221220-WA0004-169x300.jpg 169w, https:\/\/blogdorogeriogomes.com.br\/noticias\/wp-content\/uploads\/2022\/12\/IMG-20221220-WA0004-768x1365.jpg 768w, https:\/\/blogdorogeriogomes.com.br\/noticias\/wp-content\/uploads\/2022\/12\/IMG-20221220-WA0004-864x1536.jpg 864w, https:\/\/blogdorogeriogomes.com.br\/noticias\/wp-content\/uploads\/2022\/12\/IMG-20221220-WA0004-800x1422.jpg 800w, https:\/\/blogdorogeriogomes.com.br\/noticias\/wp-content\/uploads\/2022\/12\/IMG-20221220-WA0004.jpg 900w\" sizes=\"auto, (max-width: 576px) 100vw, 576px\" \/><\/figure>\n","protected":false},"excerpt":{"rendered":"<p>Os vereadores de Fortaleza est\u00e3o em recesso parlamentar neste m\u00eas de janeiro, mas foram convocados pelo novo presidente da C\u00e2mara Municipal, Gardel Rolim (PDT) para analisar uma mensagem do prefeito Jos\u00e9 Sarto, que aumenta a faixa de isen\u00e7\u00e3o da rec\u00e9m-criada taxa de lixo para 70% dos fortalezenses. Caso seja aprovada, a medida significa que apenas 30% dos moradores da Capital v\u00e3o pagar o novo imposto, que foi aprovado pela C\u00e2mara Municipal de Fortaleza em dezembro passado. A faixa de&hellip;<\/p>\n","protected":false},"author":1,"featured_media":0,"comment_status":"open","ping_status":"open","sticky":false,"template":"","format":"standard","meta":{"footnotes":""},"categories":[1],"tags":[],"class_list":["post-27974","post","type-post","status-publish","format-standard","hentry","category-noticias"],"_links":{"self":[{"href":"https:\/\/blogdorogeriogomes.com.br\/noticias\/wp-json\/wp\/v2\/posts\/27974","targetHints":{"allow":["GET"]}}],"collection":[{"href":"https:\/\/blogdorogeriogomes.com.br\/noticias\/wp-json\/wp\/v2\/posts"}],"about":[{"href":"https:\/\/blogdorogeriogomes.com.br\/noticias\/wp-json\/wp\/v2\/types\/post"}],"author":[{"embeddable":true,"href":"https:\/\/blogdorogeriogomes.com.br\/noticias\/wp-json\/wp\/v2\/users\/1"}],"replies":[{"embeddable":true,"href":"https:\/\/blogdorogeriogomes.com.br\/noticias\/wp-json\/wp\/v2\/comments?post=27974"}],"version-history":[{"count":1,"href":"https:\/\/blogdorogeriogomes.com.br\/noticias\/wp-json\/wp\/v2\/posts\/27974\/revisions"}],"predecessor-version":[{"id":27975,"href":"https:\/\/blogdorogeriogomes.com.br\/noticias\/wp-json\/wp\/v2\/posts\/27974\/revisions\/27975"}],"wp:attachment":[{"href":"https:\/\/blogdorogeriogomes.com.br\/noticias\/wp-json\/wp\/v2\/media?parent=27974"}],"wp:term":[{"taxonomy":"category","embeddable":true,"href":"https:\/\/blogdorogeriogomes.com.br\/noticias\/wp-json\/wp\/v2\/categories?post=27974"},{"taxonomy":"post_tag","embeddable":true,"href":"https:\/\/blogdorogeriogomes.com.br\/noticias\/wp-json\/wp\/v2\/tags?post=27974"}],"curies":[{"name":"wp","href":"https:\/\/api.w.org\/{rel}","templated":true}]}}